{"id":95,"date":"2012-02-13T15:38:48","date_gmt":"2012-02-13T15:38:48","guid":{"rendered":"http:\/\/www.encontracontagem.com.br\/noticias\/?p=95"},"modified":"2013-08-19T12:06:08","modified_gmt":"2013-08-19T12:06:08","slug":"prefeitura-constroi-novas-ubs-em-contagem","status":"publish","type":"post","link":"https:\/\/www.encontracontagem.com.br\/noticias\/prefeitura-constroi-novas-ubs-em-contagem\/","title":{"rendered":"Prefeitura constr\u00f3i novas UBS em Contagem"},"content":{"rendered":"<p>Nessa semana, a prefeita Mar\u00edlia Campos e o secret\u00e1rio de Sa\u00fade da Cidade Contagem, Eduardo Caldeira de Souza Penna, assinam Ordem de Servi\u00e7o para a constru\u00e7\u00e3o de duas novas Unidades B\u00e1sicas de Sa\u00fade (UBS). Na ter\u00e7a-feira, 14, \u00e0s 15h30, ser\u00e1 assinada a Ordem de Servi\u00e7o para a nova UBS CSU Eldorado. J\u00e1 a OS para a constru\u00e7\u00e3o da UBS CSU Amazonas ser\u00e1 realizada na quarta-feira, 15, \u00e0s 17h30.<\/p>\n<p>A nova UBS CSU Eldorado passar\u00e1 a se chamar UBS Eldorado e ser\u00e1 constru\u00edda no mesmo quarteir\u00e3o da atual unidade, \u00e0 rua Portugal esquina com rua Senegal. A nova UBS CSU Amazonas tamb\u00e9m vai mudar de nome para UBS Amazonas, ela ser\u00e1 constru\u00edda \u00e0 rua Marqu\u00eas do Paran\u00e1, n\u00ba 95.<\/p>\n<p>As duas novas unidades ter\u00e3o atendimento de pediatria, ginecologia, cl\u00ednica geral, odontologia, entre outros. Com mais de 600 metros quadrados de \u00e1rea constru\u00edda, as UBSs contar\u00e3o com salas para reuni\u00f5es, consult\u00f3rios para m\u00e9dicos e equipe de enfermagem, salas de acolhimento, curativo, vacina, aplica\u00e7\u00e3o de medicamentos, entre outros.<\/p>\n<p>Al\u00e9m das melhorias f\u00edsicas, os usu\u00e1rios das duas unidades receber\u00e3o assist\u00eancia com mais resolutividade sem precisar procurar outra unidade de sa\u00fade. Eles ter\u00e3o todos os servi\u00e7os b\u00e1sicos de sa\u00fade em um mesmo local, com hor\u00e1rio de atendimento expandido das 7 \u00e0s 19 horas.<\/p>\n<p>Fonte: <em>Prefeitura Municipal de Contagem<\/em><\/p>\n","protected":false},"excerpt":{"rendered":"<p>Nessa semana, a prefeita Mar\u00edlia Campos e o secret\u00e1rio de Sa\u00fade da Cidade Contagem, Eduardo Caldeira de Souza Penna, assinam Ordem de Servi\u00e7o para a constru\u00e7\u00e3o de duas novas Unidades B\u00e1sicas de Sa\u00fade (UBS). Na ter\u00e7a-feira, 14, \u00e0s 15h30, ser\u00e1 assinada a Ordem de Servi\u00e7o para a nova UBS CSU Eldorado. J\u00e1 a OS para [&hellip;]<\/p>\n","protected":false},"author":1,"featured_media":0,"comment_status":"open","ping_status":"open","sticky":false,"template":"","format":"standard","meta":{"footnotes":""},"categories":[6],"tags":[15],"class_list":["post-95","post","type-post","status-publish","format-standard","hentry","category-noticias","tag-contagem"],"_links":{"self":[{"href":"https:\/\/www.encontracontagem.com.br\/noticias\/wp-json\/wp\/v2\/posts\/95","targetHints":{"allow":["GET"]}}],"collection":[{"href":"https:\/\/www.encontracontagem.com.br\/noticias\/wp-json\/wp\/v2\/posts"}],"about":[{"href":"https:\/\/www.encontracontagem.com.br\/noticias\/wp-json\/wp\/v2\/types\/post"}],"author":[{"embeddable":true,"href":"https:\/\/www.encontracontagem.com.br\/noticias\/wp-json\/wp\/v2\/users\/1"}],"replies":[{"embeddable":true,"href":"https:\/\/www.encontracontagem.com.br\/noticias\/wp-json\/wp\/v2\/comments?post=95"}],"version-history":[{"count":5,"href":"https:\/\/www.encontracontagem.com.br\/noticias\/wp-json\/wp\/v2\/posts\/95\/revisions"}],"predecessor-version":[{"id":577,"href":"https:\/\/www.encontracontagem.com.br\/noticias\/wp-json\/wp\/v2\/posts\/95\/revisions\/577"}],"wp:attachment":[{"href":"https:\/\/www.encontracontagem.com.br\/noticias\/wp-json\/wp\/v2\/media?parent=95"}],"wp:term":[{"taxonomy":"category","embeddable":true,"href":"https:\/\/www.encontracontagem.com.br\/noticias\/wp-json\/wp\/v2\/categories?post=95"},{"taxonomy":"post_tag","embeddable":true,"href":"https:\/\/www.encontracontagem.com.br\/noticias\/wp-json\/wp\/v2\/tags?post=95"}],"curies":[{"name":"wp","href":"https:\/\/api.w.org\/{rel}","templated":true}]}}