{"id":90,"date":"2012-02-13T15:32:53","date_gmt":"2012-02-13T15:32:53","guid":{"rendered":"http:\/\/www.encontracontagem.com.br\/noticias\/?p=90"},"modified":"2013-08-19T12:06:08","modified_gmt":"2013-08-19T12:06:08","slug":"contagem-saude-ganha-novos-medicos-especialistas","status":"publish","type":"post","link":"https:\/\/www.encontracontagem.com.br\/noticias\/contagem-saude-ganha-novos-medicos-especialistas\/","title":{"rendered":"Contagem: Sa\u00fade ganha novos m\u00e9dicos especialistas"},"content":{"rendered":"<p>A rede p\u00fablica de sa\u00fade da Cidade de Contagem ganha 12 novos m\u00e9dicos especialistas. Formados pela resid\u00eancia do Hospital Municipal de Contagem (HMC), os profissionais s\u00e3o das \u00e1reas de pediatria, obstetr\u00edcia e ginecologia, cl\u00ednica m\u00e9dica e cirurgia geral. A solenidade de formatura foi realizada no \u00faltimo s\u00e1bado, 11 de fevereiro, no espa\u00e7o Sublime Recep\u00e7\u00f5es, no Jardim Riacho das Pedras.<\/p>\n<p>Na abertura do encontro, a prefeita Mar\u00edlia Campos fez um agradecimento aos m\u00e9dicos. &#8220;Quero agradecer a todos porque com certeza melhoramos muito a qualidade do SUS com a presen\u00e7a de voc\u00eas&#8221;, ressaltou a prefeita.<\/p>\n<p>O secret\u00e1rio-adjunto de Sa\u00fade, Samuel Gomes, acrescentou que &#8220;o momento representa a celebra\u00e7\u00e3o de uma grande etapa na vida dos residentes, pois formamos pessoas que v\u00e3o trabalhar a partir da trajet\u00f3ria da sa\u00fade p\u00fablica no Brasil&#8221;.<\/p>\n<p>Os residentes fizeram entre dois e tr\u00eas anos de curso e cumpriram 60 horas semanais no HMC, entre aulas te\u00f3ricas e plant\u00f5es. O orador da turma e formando da resid\u00eancia de Cl\u00ednica M\u00e9dica, Ant\u00f4nio Tolentino de S\u00e1, falou da import\u00e2ncia em trabalhar na rede p\u00fablica de Sa\u00fade. &#8220;Fui acad\u00eamico no Hospital Municipal de Contagem e tive a melhor experi\u00eancia poss\u00edvel. Venho de fam\u00edlia de funcionalismo p\u00fablico e, al\u00e9m de gostar de trabalhar no SUS, pretendo continuar no hospital&#8221;, disse.<\/p>\n<p>Mais de 300 pessoas participaram da formatura. A diretora do Hospital Municipal de Contagem, Renata Graziela, agradeceu a presen\u00e7a de todos. Tamb\u00e9m participam da mesa de abertura o coordenador de Resid\u00eancia M\u00e9dica do HMC, Marcos Evangelista de Abreu, e a diretora administrativa do hospital e maternidade, Ol\u00edvia Fernandes Bonfim. No final da solenidade, a prefeita Mar\u00edlia Campos fez a entrega dos diplomas aos residentes.<\/p>\n<p>Fonte: <em>Prefeitura Municipal de Contagem<\/em><\/p>\n","protected":false},"excerpt":{"rendered":"<p>A rede p\u00fablica de sa\u00fade da Cidade de Contagem ganha 12 novos m\u00e9dicos especialistas. Formados pela resid\u00eancia do Hospital Municipal de Contagem (HMC), os profissionais s\u00e3o das \u00e1reas de pediatria, obstetr\u00edcia e ginecologia, cl\u00ednica m\u00e9dica e cirurgia geral. A solenidade de formatura foi realizada no \u00faltimo s\u00e1bado, 11 de fevereiro, no espa\u00e7o Sublime Recep\u00e7\u00f5es, no [&hellip;]<\/p>\n","protected":false},"author":1,"featured_media":0,"comment_status":"open","ping_status":"open","sticky":false,"template":"","format":"standard","meta":{"footnotes":""},"categories":[6],"tags":[15],"class_list":["post-90","post","type-post","status-publish","format-standard","hentry","category-noticias","tag-contagem"],"_links":{"self":[{"href":"https:\/\/www.encontracontagem.com.br\/noticias\/wp-json\/wp\/v2\/posts\/90","targetHints":{"allow":["GET"]}}],"collection":[{"href":"https:\/\/www.encontracontagem.com.br\/noticias\/wp-json\/wp\/v2\/posts"}],"about":[{"href":"https:\/\/www.encontracontagem.com.br\/noticias\/wp-json\/wp\/v2\/types\/post"}],"author":[{"embeddable":true,"href":"https:\/\/www.encontracontagem.com.br\/noticias\/wp-json\/wp\/v2\/users\/1"}],"replies":[{"embeddable":true,"href":"https:\/\/www.encontracontagem.com.br\/noticias\/wp-json\/wp\/v2\/comments?post=90"}],"version-history":[{"count":4,"href":"https:\/\/www.encontracontagem.com.br\/noticias\/wp-json\/wp\/v2\/posts\/90\/revisions"}],"predecessor-version":[{"id":570,"href":"https:\/\/www.encontracontagem.com.br\/noticias\/wp-json\/wp\/v2\/posts\/90\/revisions\/570"}],"wp:attachment":[{"href":"https:\/\/www.encontracontagem.com.br\/noticias\/wp-json\/wp\/v2\/media?parent=90"}],"wp:term":[{"taxonomy":"category","embeddable":true,"href":"https:\/\/www.encontracontagem.com.br\/noticias\/wp-json\/wp\/v2\/categories?post=90"},{"taxonomy":"post_tag","embeddable":true,"href":"https:\/\/www.encontracontagem.com.br\/noticias\/wp-json\/wp\/v2\/tags?post=90"}],"curies":[{"name":"wp","href":"https:\/\/api.w.org\/{rel}","templated":true}]}}