{"id":87,"date":"2012-02-13T15:30:07","date_gmt":"2012-02-13T15:30:07","guid":{"rendered":"http:\/\/www.encontracontagem.com.br\/noticias\/?p=87"},"modified":"2013-08-19T12:05:59","modified_gmt":"2013-08-19T12:05:59","slug":"estudantes-haitianos-sao-homenageados-pelo-projeto-cafe-com-o-mundo-de-contagem","status":"publish","type":"post","link":"https:\/\/www.encontracontagem.com.br\/noticias\/estudantes-haitianos-sao-homenageados-pelo-projeto-cafe-com-o-mundo-de-contagem\/","title":{"rendered":"Estudantes Haitianos s\u00e3o homenageados pelo projeto Caf\u00e9 com o Mundo de Contagem"},"content":{"rendered":"<p>Na \u00faltima quinta-feira, dia 2, a secret\u00e1ria de Planejamento e Coordena\u00e7\u00e3o Geral, Eug\u00eania Bossi Fraga, representou a Prefeitura da Cidade Contagem na 11\u00aa edi\u00e7\u00e3o do Projeto &#8220;Caf\u00e9 com o Mundo&#8221;, que foi realizado na Sede da Prefeitura de Belo Horizonte. O evento contou tamb\u00e9m com a participa\u00e7\u00e3o de representantes da Prefeitura de Betim.<\/p>\n<p>O programa &#8220;Caf\u00e9 com o Mundo&#8221; \u00e9 organizado pela Secretaria Municipal Adjunta de Rela\u00e7\u00f5es Internacionais da Prefeitura de Belo Horizonte e tem por finalidade multiplicar o conhecimento adquirido por autoridades, t\u00e9cnicos e servidores municipais em miss\u00f5es internacionais oficiais, atrav\u00e9s de palestras e workshops. Nesta ocasi\u00e3o, o Haiti foi escolhido para o debate sobre a miss\u00e3o de diagn\u00f3stico do Tr\u00e2nsito da Regi\u00e3o de Grande Belair, realizada na capital do pa\u00eds (Porto Pr\u00edncipe).<\/p>\n<p>Aproveitando a tem\u00e1tica do evento, foram homenageados os oito estudantes haitianos graduados pela Faculdade Izabela Hendrix, participantes do Programa &#8220;Contagem, Betim, Belo Horizonte: um belo horizonte para o Haiti. &#8220;Forma\u00e7\u00e3o de Jovens Lideran\u00e7as Haitiana&#8221;.Dentre os oito homenageados, o graduado em Biomedicina, Isaac Etienne, e o graduado em Administra\u00e7\u00e3o de Empresas, Kerby Myrthil, tiveram sua primeira experi\u00eancia profissional na Prefeitura de Contagem, como estagi\u00e1rios das respectivas secretarias municipais de Sa\u00fade e de Administra\u00e7\u00e3o.<\/p>\n<p>Fonte: <em>Prefeitura Municipal de Contagem<\/em><\/p>\n","protected":false},"excerpt":{"rendered":"<p>Na \u00faltima quinta-feira, dia 2, a secret\u00e1ria de Planejamento e Coordena\u00e7\u00e3o Geral, Eug\u00eania Bossi Fraga, representou a Prefeitura da Cidade Contagem na 11\u00aa edi\u00e7\u00e3o do Projeto &#8220;Caf\u00e9 com o Mundo&#8221;, que foi realizado na Sede da Prefeitura de Belo Horizonte. O evento contou tamb\u00e9m com a participa\u00e7\u00e3o de representantes da Prefeitura de Betim. O programa [&hellip;]<\/p>\n","protected":false},"author":1,"featured_media":0,"comment_status":"open","ping_status":"open","sticky":false,"template":"","format":"standard","meta":{"footnotes":""},"categories":[6],"tags":[15],"class_list":["post-87","post","type-post","status-publish","format-standard","hentry","category-noticias","tag-contagem"],"_links":{"self":[{"href":"https:\/\/www.encontracontagem.com.br\/noticias\/wp-json\/wp\/v2\/posts\/87","targetHints":{"allow":["GET"]}}],"collection":[{"href":"https:\/\/www.encontracontagem.com.br\/noticias\/wp-json\/wp\/v2\/posts"}],"about":[{"href":"https:\/\/www.encontracontagem.com.br\/noticias\/wp-json\/wp\/v2\/types\/post"}],"author":[{"embeddable":true,"href":"https:\/\/www.encontracontagem.com.br\/noticias\/wp-json\/wp\/v2\/users\/1"}],"replies":[{"embeddable":true,"href":"https:\/\/www.encontracontagem.com.br\/noticias\/wp-json\/wp\/v2\/comments?post=87"}],"version-history":[{"count":3,"href":"https:\/\/www.encontracontagem.com.br\/noticias\/wp-json\/wp\/v2\/posts\/87\/revisions"}],"predecessor-version":[{"id":499,"href":"https:\/\/www.encontracontagem.com.br\/noticias\/wp-json\/wp\/v2\/posts\/87\/revisions\/499"}],"wp:attachment":[{"href":"https:\/\/www.encontracontagem.com.br\/noticias\/wp-json\/wp\/v2\/media?parent=87"}],"wp:term":[{"taxonomy":"category","embeddable":true,"href":"https:\/\/www.encontracontagem.com.br\/noticias\/wp-json\/wp\/v2\/categories?post=87"},{"taxonomy":"post_tag","embeddable":true,"href":"https:\/\/www.encontracontagem.com.br\/noticias\/wp-json\/wp\/v2\/tags?post=87"}],"curies":[{"name":"wp","href":"https:\/\/api.w.org\/{rel}","templated":true}]}}