{"id":84,"date":"2012-02-13T15:27:07","date_gmt":"2012-02-13T15:27:07","guid":{"rendered":"http:\/\/www.encontracontagem.com.br\/noticias\/?p=84"},"modified":"2013-08-19T12:06:08","modified_gmt":"2013-08-19T12:06:08","slug":"proalfa-reafirma-a-evolucao-da-qualidade-do-ensino-em-contagem","status":"publish","type":"post","link":"https:\/\/www.encontracontagem.com.br\/noticias\/proalfa-reafirma-a-evolucao-da-qualidade-do-ensino-em-contagem\/","title":{"rendered":"PROALFA reafirma a evolu\u00e7\u00e3o da qualidade do ensino em Contagem"},"content":{"rendered":"<p>Em 2011, 82,4% dos estudantes de oito anos da Rede Municipal de Ensino obtiveram desempenho altamente satisfat\u00f3rio ou satisfat\u00f3rio nos n\u00edveis de alfabetiza\u00e7\u00e3o, o que representa um crescimento de 22% em rela\u00e7\u00e3o a 2009.<\/p>\n<p>Essa vit\u00f3ria do munic\u00edpio da Cidade de Contagem foi medida pelo governo do Estado, que realizou, em setembro do ano passado, mais uma edi\u00e7\u00e3o do Programa de Avalia\u00e7\u00e3o de Alfabetiza\u00e7\u00e3o (PROALFA), para verificar os n\u00edveis de alfabetiza\u00e7\u00e3o alcan\u00e7ados pelos estudantes ao final dos tr\u00eas primeiros anos do ensino fundamental em todas as cidades mineiras. Os resultados foram divulgados em janeiro.<\/p>\n<p>De acordo com o secret\u00e1rio municipal de Educa\u00e7\u00e3o e Cultura, Lindomar Diamantino Segundo, &#8220;esse resultado positivo \u00e9 fruto de a\u00e7\u00f5es sistem\u00e1ticas da Seduc para o cumprimento das 28 metas estabelecidas pelo MEC, entre elas a alfabetiza\u00e7\u00e3o das crian\u00e7as at\u00e9 oito anos&#8221;.<\/p>\n<p>Maria Elisa de Assis Campos, coordenadora de Pol\u00edticas de Educa\u00e7\u00e3o B\u00e1sica da Seduc, destacou que &#8220;entre as a\u00e7\u00f5es desenvolvidas pela pol\u00edtica educacional, ressaltamos a amplia\u00e7\u00e3o do n\u00famero de crian\u00e7as atendidas na Educa\u00e7\u00e3o Infantil, que j\u00e1 demonstra influ\u00eancia positiva nos resultados; a institui\u00e7\u00e3o de pol\u00edticas focadas na alfabetiza\u00e7\u00e3o, como a forma\u00e7\u00e3o de professores; a orienta\u00e7\u00e3o cont\u00ednua do trabalho pedag\u00f3gico nas escolas e o atendimento dos estudantes em jornada ampliada no Programa Escola Integral e Integrada&#8221;.<\/p>\n<p>Outro fator influente nos resultados foi a cria\u00e7\u00e3o do N\u00facleo de Alfabetiza\u00e7\u00e3o e Letramento de Contagem (NALC), grupo constitu\u00eddo por pedagogas e alfabetizadoras da rede municipal, selecionadas mediante processo seletivo organizado pela Seduc. &#8220;Os dados mostram que o empenho dos educadores, das fam\u00edlias e da Secretaria t\u00eam dado resultados excelentes&#8221;, comentou a diretora de Ensino Fundamental, Risolina Ribeiro, que esteve na coordena\u00e7\u00e3o do NALC, entre 2006 e abril de 2011.<\/p>\n<p>A pedagoga da Escola Municipal Dona Josefina de Souza Lima, Luci Enoque Marinho, enfatizou que os resultados alcan\u00e7ados no \u00edndice de alfabetiza\u00e7\u00e3o dos estudantes da rede municipal de ensino de Contagem s\u00e3o frutos de trabalhos espec\u00edficos direcionados a estudantes que apresentam dificuldades, mas tamb\u00e9m para aqueles que t\u00eam mais facilidade na aprendizagem da leitura.<\/p>\n<p>Fonte: <em>Prefeitura de Contagem<\/em><\/p>\n","protected":false},"excerpt":{"rendered":"<p>Em 2011, 82,4% dos estudantes de oito anos da Rede Municipal de Ensino obtiveram desempenho altamente satisfat\u00f3rio ou satisfat\u00f3rio nos n\u00edveis de alfabetiza\u00e7\u00e3o, o que representa um crescimento de 22% em rela\u00e7\u00e3o a 2009. Essa vit\u00f3ria do munic\u00edpio da Cidade de Contagem foi medida pelo governo do Estado, que realizou, em setembro do ano passado, [&hellip;]<\/p>\n","protected":false},"author":1,"featured_media":0,"comment_status":"open","ping_status":"open","sticky":false,"template":"","format":"standard","meta":{"footnotes":""},"categories":[6],"tags":[],"class_list":["post-84","post","type-post","status-publish","format-standard","hentry","category-noticias"],"_links":{"self":[{"href":"https:\/\/www.encontracontagem.com.br\/noticias\/wp-json\/wp\/v2\/posts\/84","targetHints":{"allow":["GET"]}}],"collection":[{"href":"https:\/\/www.encontracontagem.com.br\/noticias\/wp-json\/wp\/v2\/posts"}],"about":[{"href":"https:\/\/www.encontracontagem.com.br\/noticias\/wp-json\/wp\/v2\/types\/post"}],"author":[{"embeddable":true,"href":"https:\/\/www.encontracontagem.com.br\/noticias\/wp-json\/wp\/v2\/users\/1"}],"replies":[{"embeddable":true,"href":"https:\/\/www.encontracontagem.com.br\/noticias\/wp-json\/wp\/v2\/comments?post=84"}],"version-history":[{"count":4,"href":"https:\/\/www.encontracontagem.com.br\/noticias\/wp-json\/wp\/v2\/posts\/84\/revisions"}],"predecessor-version":[{"id":569,"href":"https:\/\/www.encontracontagem.com.br\/noticias\/wp-json\/wp\/v2\/posts\/84\/revisions\/569"}],"wp:attachment":[{"href":"https:\/\/www.encontracontagem.com.br\/noticias\/wp-json\/wp\/v2\/media?parent=84"}],"wp:term":[{"taxonomy":"category","embeddable":true,"href":"https:\/\/www.encontracontagem.com.br\/noticias\/wp-json\/wp\/v2\/categories?post=84"},{"taxonomy":"post_tag","embeddable":true,"href":"https:\/\/www.encontracontagem.com.br\/noticias\/wp-json\/wp\/v2\/tags?post=84"}],"curies":[{"name":"wp","href":"https:\/\/api.w.org\/{rel}","templated":true}]}}