{"id":80,"date":"2012-02-13T15:23:50","date_gmt":"2012-02-13T15:23:50","guid":{"rendered":"http:\/\/www.encontracontagem.com.br\/noticias\/?p=80"},"modified":"2013-08-19T12:06:08","modified_gmt":"2013-08-19T12:06:08","slug":"prefeitura-ira-inaugurar-nova-farmacia-distrital-em-contagem","status":"publish","type":"post","link":"https:\/\/www.encontracontagem.com.br\/noticias\/prefeitura-ira-inaugurar-nova-farmacia-distrital-em-contagem\/","title":{"rendered":"Prefeitura ir\u00e1 inaugurar nova Farm\u00e1cia Distrital em Contagem"},"content":{"rendered":"<p>A popula\u00e7\u00e3o da regi\u00e3o do Petrol\u00e2ndia ganha uma nova Farm\u00e1cia Distrital. Na pr\u00f3xima ter\u00e7a-feira, 14 de fevereiro, \u00e0s 8h, a Prefeitura da Cidade Contagem inaugura a Farm\u00e1cia Petrol\u00e2ndia II, \u00e0 Rua Passos, n\u00ba 105, bairro Santa Helena.<\/p>\n<p>Com a nova unidade, que atender\u00e1 uma popula\u00e7\u00e3o de 30 mil pessoas, a regi\u00e3o do Petrol\u00e2ndia passa a contar com duas Farm\u00e1cias Distritais.<\/p>\n<p>A nova Farm\u00e1cia foi implantada dentro dos padr\u00f5es de atendimento do Programa Mais Sa\u00fade e contar\u00e1 com senha eletr\u00f4nica, guich\u00eas, mobili\u00e1rio adequado, recep\u00e7\u00e3o, al\u00e9m da identifica\u00e7\u00e3o de funcion\u00e1rios atrav\u00e9s de crach\u00e1.<\/p>\n<p>A Farm\u00e1cia funcionar\u00e1 das 8h \u00e0s 17h e atender\u00e1 cerca de 200 receitas diariamente. Por meio do Programa das Farm\u00e1cias Distritais, que a Prefeitura garante o acesso da popula\u00e7\u00e3o aos medicamentos fornecidos pelo SUS.Com a nova unidade, Contagem contar\u00e1 com 16 Farm\u00e1cias Distritais.<\/p>\n<p><strong>Moderniza\u00e7\u00e3o<\/strong><\/p>\n<p>Por meio do Programa Mais Sa\u00fade, a Prefeitura de Contagem est\u00e1 modernizando as Farm\u00e1cias Distritais. Foram instaladas senha eletr\u00f4nica para atendimento, recomposi\u00e7\u00e3o e qualifica\u00e7\u00e3o de RH, adequa\u00e7\u00e3o de mobili\u00e1rio e implanta\u00e7\u00e3o de identidade funcional. Todo o atendimento das Farm\u00e1cias Distritais tamb\u00e9m ser\u00e1 informatizado.<\/p>\n<p>Fonte: <em>Prefeitura de Contagem<\/em><\/p>\n","protected":false},"excerpt":{"rendered":"<p>A popula\u00e7\u00e3o da regi\u00e3o do Petrol\u00e2ndia ganha uma nova Farm\u00e1cia Distrital. Na pr\u00f3xima ter\u00e7a-feira, 14 de fevereiro, \u00e0s 8h, a Prefeitura da Cidade Contagem inaugura a Farm\u00e1cia Petrol\u00e2ndia II, \u00e0 Rua Passos, n\u00ba 105, bairro Santa Helena. Com a nova unidade, que atender\u00e1 uma popula\u00e7\u00e3o de 30 mil pessoas, a regi\u00e3o do Petrol\u00e2ndia passa a [&hellip;]<\/p>\n","protected":false},"author":1,"featured_media":0,"comment_status":"open","ping_status":"open","sticky":false,"template":"","format":"standard","meta":{"footnotes":""},"categories":[6],"tags":[15],"class_list":["post-80","post","type-post","status-publish","format-standard","hentry","category-noticias","tag-contagem"],"_links":{"self":[{"href":"https:\/\/www.encontracontagem.com.br\/noticias\/wp-json\/wp\/v2\/posts\/80","targetHints":{"allow":["GET"]}}],"collection":[{"href":"https:\/\/www.encontracontagem.com.br\/noticias\/wp-json\/wp\/v2\/posts"}],"about":[{"href":"https:\/\/www.encontracontagem.com.br\/noticias\/wp-json\/wp\/v2\/types\/post"}],"author":[{"embeddable":true,"href":"https:\/\/www.encontracontagem.com.br\/noticias\/wp-json\/wp\/v2\/users\/1"}],"replies":[{"embeddable":true,"href":"https:\/\/www.encontracontagem.com.br\/noticias\/wp-json\/wp\/v2\/comments?post=80"}],"version-history":[{"count":5,"href":"https:\/\/www.encontracontagem.com.br\/noticias\/wp-json\/wp\/v2\/posts\/80\/revisions"}],"predecessor-version":[{"id":568,"href":"https:\/\/www.encontracontagem.com.br\/noticias\/wp-json\/wp\/v2\/posts\/80\/revisions\/568"}],"wp:attachment":[{"href":"https:\/\/www.encontracontagem.com.br\/noticias\/wp-json\/wp\/v2\/media?parent=80"}],"wp:term":[{"taxonomy":"category","embeddable":true,"href":"https:\/\/www.encontracontagem.com.br\/noticias\/wp-json\/wp\/v2\/categories?post=80"},{"taxonomy":"post_tag","embeddable":true,"href":"https:\/\/www.encontracontagem.com.br\/noticias\/wp-json\/wp\/v2\/tags?post=80"}],"curies":[{"name":"wp","href":"https:\/\/api.w.org\/{rel}","templated":true}]}}