{"id":783,"date":"2014-02-25T11:57:22","date_gmt":"2014-02-25T11:57:22","guid":{"rendered":"http:\/\/www.encontracontagem.com.br\/noticias\/?p=783"},"modified":"2014-02-25T11:57:22","modified_gmt":"2014-02-25T11:57:22","slug":"pre-mirim-de-volei-sada-contagem-abre-processo-seletivo","status":"publish","type":"post","link":"https:\/\/www.encontracontagem.com.br\/noticias\/pre-mirim-de-volei-sada-contagem-abre-processo-seletivo\/","title":{"rendered":"Pr\u00e9-mirim de v\u00f4lei Sada Contagem abre processo seletivo"},"content":{"rendered":"<p>At\u00e9 o dia 27 de fevereiro, o Projeto Esporte na Cidade realiza edi\u00e7\u00e3o 2014 das seletivas anuais para composi\u00e7\u00e3o da jovem equipe &#8220;Sada\/Esporte&#8221; na cidade de Contagem, categoria pr\u00e9-mirim feminina. Podem se candidatar meninas que nasceram entre os anos 2000 e 2002.<\/p>\n<p>As seletivas acontecem no Gin\u00e1sio Poliesportivo do Riacho, partir das 14h, no dia 25\/2, e no Clube Yucca, tamb\u00e9m \u00e0s 14h, no dia 27\/2, quando ser\u00e3o realizadas as avalia\u00e7\u00f5es de desempenho das candidatas. N\u00e3o \u00e9 necess\u00e1ria inscri\u00e7\u00e3o pr\u00e9via.<\/p>\n<p>T\u00e9cnico da equipe, H\u00e9lcio Jos\u00e9 Pinto, destaca o bom desempenho do grupo e as evolu\u00e7\u00f5es a cada ano de treinamento, com a constante renova\u00e7\u00e3o das atletas, mantendo a idade m\u00e9dia de 12 anos. &#8220;A seletiva \u00e9 feita todo in\u00edcio de ano, porque as atletas v\u00e3o mudando de categoria. Em 2014, est\u00e3o abertas 20 vagas&#8221;, completa.<br \/>\nConquistas<\/p>\n<p>As jovens atletas do &#8220;Sada\/Esporte na Cidade\/Contagem&#8221; t\u00eam se destacado no cen\u00e1rio estadual de voleibol. Ap\u00f3s a conquista do vice-campeonato na 14\u00aa edi\u00e7\u00e3o da Copa Pr\u00e9-Mirim de Voleibol, a equipe garantiu a medalha de ouro da Liga Mineira de Voleibol 2013, ambos os eventos realizados com a chancela da Federa\u00e7\u00e3o Mineira de Voleibol.<\/p>\n<p><strong>Esporte na Cidade<\/strong><\/p>\n<p>Desenvolvido em diversas cidades do Brasil, o Projeto Esporte na Cidade \u00e9 uma a\u00e7\u00e3o de car\u00e1ter social, que oferece cursos gratuitos de inicia\u00e7\u00e3o esportiva em diferentes modalidades para crian\u00e7as e adolescentes de 7 a 17 anos. Iniciativa da Associa\u00e7\u00e3o De Peito Aberto, o Esporte na Cidade N\u00facleo Contagem (MG) \u00e9 viabilizado por meio da Lei Federal de Incentivo ao Esporte, com o patroc\u00ednio de tr\u00eas empresas: a modalidade voleibol \u00e9 incentivada pela Sada; o futsal, pela Tambasa, e o handebol conta com o patroc\u00ednio da MBR Constru\u00e7\u00f5es. O projeto tamb\u00e9m recebe o apoio da <a title=\"Prefeitura Municipal de Contagem\" href=\"http:\/\/www.encontracontagem.com.br\/contagem\/prefeitura-municipal-de-contagem.shtml\" target=\"_blank\">Prefeitura Municipal de Contagem<\/a>, o que permite a forma\u00e7\u00e3o de jovens equipes de competi\u00e7\u00e3o (como as meninas do pr\u00e9-mirim &#8220;Sada\/Esporte na Cidade\/Contagem&#8221;) e o treinamento desses atletas, paralelamente \u00e0s escolinhas do projeto.<\/p>\n<p>A equipe pr\u00e9-mirim \u00e9 treinada pelo &#8220;Esporte na Cidade&#8221;, resultado do trabalho social desenvolvido pelo projeto com as crian\u00e7as e adolescentes do munic\u00edpio. As aulas abordam a base te\u00f3rica e pr\u00e1tica da atividade esportiva, estimulando tamb\u00e9m valores sociais como a import\u00e2ncia do trabalho em equipe. Em raz\u00e3o do forte car\u00e1ter educacional do projeto, todos os alunos devem estar matriculados em escola regular.<br \/>\n&#8220;Eu aprendi a respeitar as pessoas e que perder faz parte do jogo. Tamb\u00e9m aprendi a superar meus medos e minhas dificuldades&#8221;, afirmou K\u00eania Vit\u00f3ria Santos (14), aluna do projeto na modalidade voleibol.<\/p>\n<p>O &#8220;Esporte na Cidade&#8221;, em Contagem, atende milhares de crian\u00e7as e adolescentes. O n\u00facleo oferece anualmente 500 vagas, nas modalidades futsal, voleibol e handebol. As aulas acontecem duas vezes por semana, em encontros de 1h, nos gin\u00e1sios poliesportivos Calif\u00f3rnia e Tropical.<\/p>\n","protected":false},"excerpt":{"rendered":"<p>At\u00e9 o dia 27 de fevereiro, o Projeto Esporte na Cidade realiza edi\u00e7\u00e3o 2014 das seletivas anuais para composi\u00e7\u00e3o da jovem equipe &#8220;Sada\/Esporte&#8221; na cidade de Contagem, categoria pr\u00e9-mirim feminina. Podem se candidatar meninas que nasceram entre os anos 2000 e 2002. As seletivas acontecem no Gin\u00e1sio Poliesportivo do Riacho, partir das 14h, no dia [&hellip;]<\/p>\n","protected":false},"author":1,"featured_media":0,"comment_status":"open","ping_status":"open","sticky":false,"template":"","format":"standard","meta":{"footnotes":""},"categories":[6],"tags":[],"class_list":["post-783","post","type-post","status-publish","format-standard","hentry","category-noticias"],"_links":{"self":[{"href":"https:\/\/www.encontracontagem.com.br\/noticias\/wp-json\/wp\/v2\/posts\/783","targetHints":{"allow":["GET"]}}],"collection":[{"href":"https:\/\/www.encontracontagem.com.br\/noticias\/wp-json\/wp\/v2\/posts"}],"about":[{"href":"https:\/\/www.encontracontagem.com.br\/noticias\/wp-json\/wp\/v2\/types\/post"}],"author":[{"embeddable":true,"href":"https:\/\/www.encontracontagem.com.br\/noticias\/wp-json\/wp\/v2\/users\/1"}],"replies":[{"embeddable":true,"href":"https:\/\/www.encontracontagem.com.br\/noticias\/wp-json\/wp\/v2\/comments?post=783"}],"version-history":[{"count":1,"href":"https:\/\/www.encontracontagem.com.br\/noticias\/wp-json\/wp\/v2\/posts\/783\/revisions"}],"predecessor-version":[{"id":784,"href":"https:\/\/www.encontracontagem.com.br\/noticias\/wp-json\/wp\/v2\/posts\/783\/revisions\/784"}],"wp:attachment":[{"href":"https:\/\/www.encontracontagem.com.br\/noticias\/wp-json\/wp\/v2\/media?parent=783"}],"wp:term":[{"taxonomy":"category","embeddable":true,"href":"https:\/\/www.encontracontagem.com.br\/noticias\/wp-json\/wp\/v2\/categories?post=783"},{"taxonomy":"post_tag","embeddable":true,"href":"https:\/\/www.encontracontagem.com.br\/noticias\/wp-json\/wp\/v2\/tags?post=783"}],"curies":[{"name":"wp","href":"https:\/\/api.w.org\/{rel}","templated":true}]}}