{"id":770,"date":"2014-01-23T00:15:49","date_gmt":"2014-01-23T00:15:49","guid":{"rendered":"http:\/\/www.encontracontagem.com.br\/noticias\/?p=770"},"modified":"2014-01-16T12:16:22","modified_gmt":"2014-01-16T12:16:22","slug":"abertas-inscricoes-para-participar-do-coral-musicanto-em-contagem","status":"publish","type":"post","link":"https:\/\/www.encontracontagem.com.br\/noticias\/abertas-inscricoes-para-participar-do-coral-musicanto-em-contagem\/","title":{"rendered":"Abertas inscri\u00e7\u00f5es para participar do Coral Musicanto em Contagem"},"content":{"rendered":"<p>As pessoas interessadas em participar do Coral Musicanto t\u00eam at\u00e9 o dia 28 de fevereiro para fazer a inscri\u00e7\u00e3o. Para isso, \u00e9 necess\u00e1rio entrar em contato pelos telefones: (31) 3352-5044, 3023-6477, 9952- 4138 e 9906-2640.<\/p>\n<p>Com apoio da <a title=\"Prefeitura de Contagem\" href=\"http:\/\/www.encontracontagem.com.br\/contagem\/prefeitura-municipal-de-contagem.shtml\" target=\"_blank\">prefeitura de Contagem<\/a>, por meio da Funda\u00e7\u00e3o Cultural de Contagem (Fundac), o coral \u00e9 composto de 34 vozes, distribu\u00eddas em soprano, meso-soprano, contralto, tenor e baixo. O grupo \u00e9 refer\u00eancia cultural em Contagem e em Minas Gerais. Participa sempre de festivais e eventos musicais no Brasil e exterior.<\/p>\n<p>Com repert\u00f3rio ecl\u00e9tico que vai do popular \u00e0 m\u00fasica cl\u00e1ssica, o Coral Musicanto foi criado em 1998. Nestes 16 anos de jornada, o regente \u00e9 o maestro Divino Francisco de Castro, que busca constantemente o aperfei\u00e7oamento da t\u00e9cnica do canto, por meio de aulas de t\u00e9cnica vocal.<\/p>\n","protected":false},"excerpt":{"rendered":"<p>As pessoas interessadas em participar do Coral Musicanto t\u00eam at\u00e9 o dia 28 de fevereiro para fazer a inscri\u00e7\u00e3o. Para isso, \u00e9 necess\u00e1rio entrar em contato pelos telefones: (31) 3352-5044, 3023-6477, 9952- 4138 e 9906-2640. Com apoio da prefeitura de Contagem, por meio da Funda\u00e7\u00e3o Cultural de Contagem (Fundac), o coral \u00e9 composto de 34 [&hellip;]<\/p>\n","protected":false},"author":1,"featured_media":0,"comment_status":"open","ping_status":"open","sticky":false,"template":"","format":"standard","meta":{"footnotes":""},"categories":[6],"tags":[],"class_list":["post-770","post","type-post","status-publish","format-standard","hentry","category-noticias"],"_links":{"self":[{"href":"https:\/\/www.encontracontagem.com.br\/noticias\/wp-json\/wp\/v2\/posts\/770","targetHints":{"allow":["GET"]}}],"collection":[{"href":"https:\/\/www.encontracontagem.com.br\/noticias\/wp-json\/wp\/v2\/posts"}],"about":[{"href":"https:\/\/www.encontracontagem.com.br\/noticias\/wp-json\/wp\/v2\/types\/post"}],"author":[{"embeddable":true,"href":"https:\/\/www.encontracontagem.com.br\/noticias\/wp-json\/wp\/v2\/users\/1"}],"replies":[{"embeddable":true,"href":"https:\/\/www.encontracontagem.com.br\/noticias\/wp-json\/wp\/v2\/comments?post=770"}],"version-history":[{"count":1,"href":"https:\/\/www.encontracontagem.com.br\/noticias\/wp-json\/wp\/v2\/posts\/770\/revisions"}],"predecessor-version":[{"id":771,"href":"https:\/\/www.encontracontagem.com.br\/noticias\/wp-json\/wp\/v2\/posts\/770\/revisions\/771"}],"wp:attachment":[{"href":"https:\/\/www.encontracontagem.com.br\/noticias\/wp-json\/wp\/v2\/media?parent=770"}],"wp:term":[{"taxonomy":"category","embeddable":true,"href":"https:\/\/www.encontracontagem.com.br\/noticias\/wp-json\/wp\/v2\/categories?post=770"},{"taxonomy":"post_tag","embeddable":true,"href":"https:\/\/www.encontracontagem.com.br\/noticias\/wp-json\/wp\/v2\/tags?post=770"}],"curies":[{"name":"wp","href":"https:\/\/api.w.org\/{rel}","templated":true}]}}