{"id":766,"date":"2014-01-16T12:14:20","date_gmt":"2014-01-16T12:14:20","guid":{"rendered":"http:\/\/www.encontracontagem.com.br\/noticias\/?p=766"},"modified":"2014-01-16T12:14:21","modified_gmt":"2014-01-16T12:14:21","slug":"funec-abre-mais-de-2-mil-vagas-em-cursos-gratuitos-em-contagem","status":"publish","type":"post","link":"https:\/\/www.encontracontagem.com.br\/noticias\/funec-abre-mais-de-2-mil-vagas-em-cursos-gratuitos-em-contagem\/","title":{"rendered":"Funec abre mais de 2 mil vagas em cursos gratuitos em Contagem"},"content":{"rendered":"<p>A Funec est\u00e1 com novas oportunidades para a qualifica\u00e7\u00e3o profissional de jovens e adultos, em Contagem e regi\u00e3o. A institui\u00e7\u00e3o abriu 2.268 vagas em 40 cursos do Pronatec (Programa Nacional de Acesso ao Ensino T\u00e9cnico e Emprego). Do total de vagas, 2.233 s\u00e3o para 39 cursos de qualifica\u00e7\u00e3o e 35 vagas para o curso t\u00e9cnico em seguran\u00e7a do trabalho, que ser\u00e1 realizado na Funec Inconfidentes, no turno da noite.<\/p>\n<p>Para os cursos de qualifica\u00e7\u00e3o, \u00e9 exigida forma\u00e7\u00e3o a partir do ensino fundamental incompleto. J\u00e1 para o curso t\u00e9cnico em seguran\u00e7a do trabalho, \u00e9 preciso estar cursando do 1\u00ba ao 3\u00ba ano do ensino m\u00e9dio em escolas p\u00fablicas. As aulas das primeiras turmas iniciam no dia 25 de mar\u00e7o, na Funec Inconfidentes, Antiga Crescer, Cefort, 2\u00ba Batalh\u00e3o de Bombeiros de Minas Gerais, Orquestra Jovem, Fundac, Centro de Atividades T\u00e9cnicas do Trabalhador (CATT) de Betim e nas escolas municipais Domingos Bel\u00e9m, Babita Camargos e Leonardo Sadra.<\/p>\n<p>Al\u00e9m da excel\u00eancia do ensino da Funda\u00e7\u00e3o, os alunos ir\u00e3o contar com vale-transporte, uniforme, material did\u00e1tico e lanche. Entre os cursos de qualifica\u00e7\u00e3o mais procurados est\u00e3o auxiliar administrativo, padeiro, programador web, vendedor, eletricista de autom\u00f3veis, bombeiro civil e fot\u00f3grafo.<\/p>\n<p><strong>Pr\u00e9- inscri\u00e7\u00f5es<\/strong><\/p>\n<p>As pr\u00e9-inscri\u00e7\u00f5es para os cursos de qualifica\u00e7\u00e3o est\u00e3o abertas at\u00e9 21\/2, nas unidades da Funec, Cras Creas, Antiga Crescer, Cefort, 2\u00ba Batalh\u00e3o de Bombeiros de Minas Gerais, Fundac, Centro de Atividades T\u00e9cnicas do Trabalhador (CATT) de Betim e, a partir de fevereiro, nas escolas municipais Domingos Bel\u00e9m, Babita Camargos e Leonardo Sadra. Para realizar as pr\u00e9-inscri\u00e7\u00f5es, \u00e9 necess\u00e1rio levar identidade, CPF e o n\u00famero do Cadastro \u00danico (caso o candidato seja benefici\u00e1rio de programas sociais).<\/p>\n<p>J\u00e1 o curso de seguran\u00e7a do trabalho ter\u00e1 inscri\u00e7\u00f5es, de 20\/01 a 18\/02, no site da Secretaria Estadual de Educa\u00e7\u00e3o (educacao.mg.gov.br). As aulas previstas para 7\/4.<\/p>\n<p><strong>Alunos contam experi\u00eancias nos cursos do Pronatec<\/strong><\/p>\n<p>M\u00e1rcio J\u00fanior Ferreira do Amaral fez o curso de programador de sistemas, na Funec Cruzeiro do Sul, no 2\u00ba semestre de 2013. Ele planeja trabalhar na \u00e1rea e fazer outros cursos do programa. &#8220;Foi uma experi\u00eancia muito boa. Um curso que agregou bastante valor e me proporcionar\u00e1 uma amplitude maior para os demais cursos que pretendo fazer. A metodologia foi bem interessante e muito bem trabalhada, desde o in\u00edcio&#8221;.<\/p>\n<p>J\u00e1 Ros\u00e2ngela de Almeida Carneiro realizou o curso de auxiliar de biblioteca, na Funec Inconfidentes. Ela destacou a prepara\u00e7\u00e3o do corpo docente. &#8220;Eu gostei muito e os meus colegas tamb\u00e9m. As professoras foram muito prestativas e capacitadas, nos ensinando o m\u00e1ximo poss\u00edvel. O conte\u00fado foi muito bem aplicado, atendendo as expectativas de todos os alunos&#8221;.<\/p>\n<p>Cursos T\u00e9cnicos e Proeja<br \/>\nA Funec tamb\u00e9m ir\u00e1 abrir turmas para cursos t\u00e9cnicos p\u00f3s-m\u00e9dios e para o Proeja (Programa Nacional de Integra\u00e7\u00e3o da Educa\u00e7\u00e3o Profissional com a Educa\u00e7\u00e3o B\u00e1sica na Modalidade de Educa\u00e7\u00e3o de Jovens e Adultos).<\/p>\n<p>Os cursos t\u00e9cnicos p\u00f3s-m\u00e9dios s\u00e3o direcionados a quem completou o ensino m\u00e9dio e realizou o Enem. J\u00e1 para o Proeja, \u00e9 preciso ter conclu\u00eddo o ensino fundamental. Quem optar por essa modalidade poder\u00e1 cursar o ensino m\u00e9dio e t\u00e9cnico ao mesmo tempo. O Proeja ter\u00e1 turmas noturnas com dura\u00e7\u00e3o de 2.400 horas\/aula.<\/p>\n<p>A previs\u00e3o \u00e9 de que os cursos t\u00e9cnicos e do Proeja tenham locais e \u00e1reas divulgadas a partir de fevereiro.<\/p>\n<p><strong>Mais informa\u00e7\u00f5es<\/strong><br \/>\nDiretoria de Forma\u00e7\u00e3o Profissional<br \/>\nAvenida Jo\u00e3o C\u00e9sar de Oliveira, 2415, 3\u00ba Andar, Eldorado.<br \/>\n(31) 3391-4553<\/p>\n","protected":false},"excerpt":{"rendered":"<p>A Funec est\u00e1 com novas oportunidades para a qualifica\u00e7\u00e3o profissional de jovens e adultos, em Contagem e regi\u00e3o. A institui\u00e7\u00e3o abriu 2.268 vagas em 40 cursos do Pronatec (Programa Nacional de Acesso ao Ensino T\u00e9cnico e Emprego). Do total de vagas, 2.233 s\u00e3o para 39 cursos de qualifica\u00e7\u00e3o e 35 vagas para o curso t\u00e9cnico [&hellip;]<\/p>\n","protected":false},"author":1,"featured_media":0,"comment_status":"open","ping_status":"open","sticky":false,"template":"","format":"standard","meta":{"footnotes":""},"categories":[6],"tags":[],"class_list":["post-766","post","type-post","status-publish","format-standard","hentry","category-noticias"],"_links":{"self":[{"href":"https:\/\/www.encontracontagem.com.br\/noticias\/wp-json\/wp\/v2\/posts\/766","targetHints":{"allow":["GET"]}}],"collection":[{"href":"https:\/\/www.encontracontagem.com.br\/noticias\/wp-json\/wp\/v2\/posts"}],"about":[{"href":"https:\/\/www.encontracontagem.com.br\/noticias\/wp-json\/wp\/v2\/types\/post"}],"author":[{"embeddable":true,"href":"https:\/\/www.encontracontagem.com.br\/noticias\/wp-json\/wp\/v2\/users\/1"}],"replies":[{"embeddable":true,"href":"https:\/\/www.encontracontagem.com.br\/noticias\/wp-json\/wp\/v2\/comments?post=766"}],"version-history":[{"count":1,"href":"https:\/\/www.encontracontagem.com.br\/noticias\/wp-json\/wp\/v2\/posts\/766\/revisions"}],"predecessor-version":[{"id":767,"href":"https:\/\/www.encontracontagem.com.br\/noticias\/wp-json\/wp\/v2\/posts\/766\/revisions\/767"}],"wp:attachment":[{"href":"https:\/\/www.encontracontagem.com.br\/noticias\/wp-json\/wp\/v2\/media?parent=766"}],"wp:term":[{"taxonomy":"category","embeddable":true,"href":"https:\/\/www.encontracontagem.com.br\/noticias\/wp-json\/wp\/v2\/categories?post=766"},{"taxonomy":"post_tag","embeddable":true,"href":"https:\/\/www.encontracontagem.com.br\/noticias\/wp-json\/wp\/v2\/tags?post=766"}],"curies":[{"name":"wp","href":"https:\/\/api.w.org\/{rel}","templated":true}]}}