{"id":763,"date":"2014-01-08T01:20:58","date_gmt":"2014-01-08T01:20:58","guid":{"rendered":"http:\/\/www.encontracontagem.com.br\/noticias\/?p=763"},"modified":"2014-01-07T12:21:27","modified_gmt":"2014-01-07T12:21:27","slug":"cadastramento-escolar-sera-realizado-de-13-a-17-de-janeiro-em-contagem","status":"publish","type":"post","link":"https:\/\/www.encontracontagem.com.br\/noticias\/cadastramento-escolar-sera-realizado-de-13-a-17-de-janeiro-em-contagem\/","title":{"rendered":"Cadastramento Escolar ser\u00e1 realizado de 13 a 17 de janeiro em Contagem"},"content":{"rendered":"<p>Os pais e respons\u00e1veis que n\u00e3o fizeram o cadastro escolar do estudante em junho do ano passado ter\u00e3o oportunidade de faz\u00ea-lo entre os dias 13 e 17 de janeiro. O cadastro regulariza o registro do aluno e garante vaga na Rede Municipal de Ensino de Contagem.<\/p>\n<p>Podem se cadastrar, alunos dos ensinos infantil e fundamental que ainda n\u00e3o fizeram o cadastro, bem como estudantes que est\u00e3o se transferindo de outras localidades ou vindo de escolas particulares. As inscri\u00e7\u00f5es para o ensino fundamental poder\u00e3o ser feitas em uma escola municipal pr\u00f3xima \u00e0 resid\u00eancia.<\/p>\n<p>Para o ensino infantil, as inscri\u00e7\u00f5es das crian\u00e7as nascidas entre 1\/7\/2008 a 30\/6\/2013 dever\u00e3o ser feitas no Centro Municipal de Educa\u00e7\u00e3o Infantil (Cemei) mais pr\u00f3ximo. J\u00e1 nas escolas municipais ou anexos que oferecem a Educa\u00e7\u00e3o Infantil, poder\u00e3o ser inscritas crian\u00e7as nascidas entre 1\/7\/2008 a 30\/6\/2010.<\/p>\n<p>A inscri\u00e7\u00e3o \u00e9 isenta de pagamento de taxas. A matr\u00edcula dos cadastrados em janeiro de 2014 ser\u00e1 realizada no per\u00edodo de 30 a 31 de janeiro de 2014.<\/p>\n<p><strong>Ensino Fundamental<\/strong><br \/>\n<strong>Quem pode se cadastrar: <\/strong><br \/>\n&#8211; Crian\u00e7as que ter\u00e3o 6 anos completos at\u00e9 o dia 30 de junho de 2014 para ingressar no primeiro ano do ensino fundamental;<br \/>\n&#8211; Os candidatos a vagas nos demais anos ou ciclos do ensino fundamental que desejam iniciar ou retomar os estudos na rede p\u00fablica de ensino.<br \/>\n&#8211; O pai ou respons\u00e1vel da crian\u00e7a que completar seis anos entre 1\u00ba de julho a 31 de dezembro de 2014, tamb\u00e9m poder\u00e1 inscrever seu filho e dever\u00e1 assinar um termo de ci\u00eancia e responsabilidade. (a\u00e7\u00e3o civil p\u00fablica n\u00ba 0050861.51.2012.4.01.3800)<\/p>\n<p>Neste \u00faltimo caso, a Secretaria Municipal de Educa\u00e7\u00e3o informa que a crian\u00e7a ser\u00e1 submetida a uma avalia\u00e7\u00e3o psicopedag\u00f3gica para comprova\u00e7\u00e3o de sua capacidade intelectual. Caso seja aprovada, a crian\u00e7a ter\u00e1 sua matr\u00edcula efetivada no 1\u00ba ano do ensino fundamental. Se a avalia\u00e7\u00e3o psicopedag\u00f3gica apontar inaptid\u00e3o da crian\u00e7a para o ensino fundamental, esta poder\u00e1 ser matriculada na pr\u00e9-escola, havendo a vaga.<\/p>\n<p><strong>Documenta\u00e7\u00e3o<\/strong><br \/>\n&#8211; Pai, m\u00e3e ou respons\u00e1vel pelo(a) estudante dever\u00e1 apresentar original ou c\u00f3pia dos seguintes documentos:<br \/>\n&#8211; Certid\u00e3o de nascimento do candidato;<br \/>\n&#8211; Comprovante de resid\u00eancia;<br \/>\n&#8211; Documento comprobat\u00f3rio expedido pela escola de origem, no caso de transfer\u00eancia para\u00a0a rede p\u00fablica ou retomada de estudos;<br \/>\n&#8211; Os candidatos maiores de 18 anos poder\u00e3o fazer a sua pr\u00f3pria inscri\u00e7\u00e3o no cadastro escolar.<\/p>\n<p><strong>Ensino Infantil<\/strong><\/p>\n<p><strong>Documenta\u00e7\u00e3o<\/strong><br \/>\n&#8211; Certid\u00e3o de nascimento da crian\u00e7a;<br \/>\n&#8211; Comprovante de resid\u00eancia;<br \/>\n&#8211; Comprovante de aluguel (caso a moradia seja alugada);<br \/>\n&#8211; Cart\u00e3o do Programa Bolsa Fam\u00edlia (se cadastrado);<br \/>\n&#8211; Comprovante de renda ou renda familiar declarada;<br \/>\n&#8211; Laudo m\u00e9dico &#8211; crian\u00e7a com defici\u00eancia ou defici\u00eancia\/doen\u00e7a grave na fam\u00edlia.<\/p>\n","protected":false},"excerpt":{"rendered":"<p>Os pais e respons\u00e1veis que n\u00e3o fizeram o cadastro escolar do estudante em junho do ano passado ter\u00e3o oportunidade de faz\u00ea-lo entre os dias 13 e 17 de janeiro. O cadastro regulariza o registro do aluno e garante vaga na Rede Municipal de Ensino de Contagem. Podem se cadastrar, alunos dos ensinos infantil e fundamental [&hellip;]<\/p>\n","protected":false},"author":1,"featured_media":0,"comment_status":"open","ping_status":"open","sticky":false,"template":"","format":"standard","meta":{"footnotes":""},"categories":[6],"tags":[],"class_list":["post-763","post","type-post","status-publish","format-standard","hentry","category-noticias"],"_links":{"self":[{"href":"https:\/\/www.encontracontagem.com.br\/noticias\/wp-json\/wp\/v2\/posts\/763","targetHints":{"allow":["GET"]}}],"collection":[{"href":"https:\/\/www.encontracontagem.com.br\/noticias\/wp-json\/wp\/v2\/posts"}],"about":[{"href":"https:\/\/www.encontracontagem.com.br\/noticias\/wp-json\/wp\/v2\/types\/post"}],"author":[{"embeddable":true,"href":"https:\/\/www.encontracontagem.com.br\/noticias\/wp-json\/wp\/v2\/users\/1"}],"replies":[{"embeddable":true,"href":"https:\/\/www.encontracontagem.com.br\/noticias\/wp-json\/wp\/v2\/comments?post=763"}],"version-history":[{"count":1,"href":"https:\/\/www.encontracontagem.com.br\/noticias\/wp-json\/wp\/v2\/posts\/763\/revisions"}],"predecessor-version":[{"id":764,"href":"https:\/\/www.encontracontagem.com.br\/noticias\/wp-json\/wp\/v2\/posts\/763\/revisions\/764"}],"wp:attachment":[{"href":"https:\/\/www.encontracontagem.com.br\/noticias\/wp-json\/wp\/v2\/media?parent=763"}],"wp:term":[{"taxonomy":"category","embeddable":true,"href":"https:\/\/www.encontracontagem.com.br\/noticias\/wp-json\/wp\/v2\/categories?post=763"},{"taxonomy":"post_tag","embeddable":true,"href":"https:\/\/www.encontracontagem.com.br\/noticias\/wp-json\/wp\/v2\/tags?post=763"}],"curies":[{"name":"wp","href":"https:\/\/api.w.org\/{rel}","templated":true}]}}