{"id":759,"date":"2013-12-13T11:56:34","date_gmt":"2013-12-13T11:56:34","guid":{"rendered":"http:\/\/www.encontracontagem.com.br\/noticias\/?p=759"},"modified":"2013-12-13T11:56:34","modified_gmt":"2013-12-13T11:56:34","slug":"vila-do-papai-noel-agitara-o-fim-de-semana-em-contagem","status":"publish","type":"post","link":"https:\/\/www.encontracontagem.com.br\/noticias\/vila-do-papai-noel-agitara-o-fim-de-semana-em-contagem\/","title":{"rendered":"Vila do Papai Noel agitar\u00e1 o fim de semana em Contagem"},"content":{"rendered":"<p>Complementando as a\u00e7\u00f5es da campanha &#8220;Natal de Luz&#8221;, a <a title=\"Prefeitura de Contagem\" href=\"http:\/\/www.encontracontagem.com.br\/contagem\/prefeitura-municipal-de-contagem.shtml\" target=\"_blank\">Prefeitura de Contagem<\/a>, por meio da Funda\u00e7\u00e3o Cultural de Contagem (Fundac), promover\u00e1 a segunda edi\u00e7\u00e3o da programa\u00e7\u00e3o especial na Vila do Papai Noel, situada no Parque Linear (Ressaca). Os shows acontecem a partir das 19h, no pr\u00f3ximo final de semana, nos dias 13,14 e 15\/12.<\/p>\n<p>Hoje (13\/12), al\u00e9m de visitar a Vila do Papai Noel decorada, as crian\u00e7as poder\u00e3o tirar foto com o bom velhinho e a fam\u00edlia toda aproveitar os shows que come\u00e7ar\u00e3o \u00e0s 19h. A programa\u00e7\u00e3o contar\u00e1 com diferentes atra\u00e7\u00f5es gospel. Helem Regina abrir\u00e1 o evento \u00e0s 19h. \u00c0s 20h Madalena Cassimiro subir\u00e1 ao palco e em seguida Tayane Luz encantar\u00e1 o p\u00fablico presente. Para fechar a programa\u00e7\u00e3o com chave de ouro, Denise Nascimento se apresentar\u00e1 ao p\u00fablico.<\/p>\n<p>No s\u00e1bado (14\/12), a programa\u00e7\u00e3o contar\u00e1 com shows de sertanejo e MPB. M\u00e1rcio Levy abrir\u00e1 a programa\u00e7\u00e3o, em seguida, \u00e0s 20h, Diogo Mour\u00e3o promete agitar a noite. Para encerrar a festa, Marcelo Prado subir\u00e1 ao palco.<\/p>\n<p>Para fechar o final de semana, a noite de domingo (15\/12) ser\u00e1 repleta de arte integrada, com o Coletivo Independente de Circo, a emo\u00e7\u00e3o do Coral Bem Viver e o melhor do samba com a banda Samba Roda de Moinho.<\/p>\n<p><strong>Servi\u00e7o:<\/strong><br \/>\n<strong>Vila do Papai Noel<\/strong><br \/>\nParque Linear Ressaca &#8211; (em frente ao novo shopping de Contagem).<\/p>\n","protected":false},"excerpt":{"rendered":"<p>Complementando as a\u00e7\u00f5es da campanha &#8220;Natal de Luz&#8221;, a Prefeitura de Contagem, por meio da Funda\u00e7\u00e3o Cultural de Contagem (Fundac), promover\u00e1 a segunda edi\u00e7\u00e3o da programa\u00e7\u00e3o especial na Vila do Papai Noel, situada no Parque Linear (Ressaca). Os shows acontecem a partir das 19h, no pr\u00f3ximo final de semana, nos dias 13,14 e 15\/12. Hoje [&hellip;]<\/p>\n","protected":false},"author":1,"featured_media":0,"comment_status":"open","ping_status":"open","sticky":false,"template":"","format":"standard","meta":{"footnotes":""},"categories":[6],"tags":[],"class_list":["post-759","post","type-post","status-publish","format-standard","hentry","category-noticias"],"_links":{"self":[{"href":"https:\/\/www.encontracontagem.com.br\/noticias\/wp-json\/wp\/v2\/posts\/759","targetHints":{"allow":["GET"]}}],"collection":[{"href":"https:\/\/www.encontracontagem.com.br\/noticias\/wp-json\/wp\/v2\/posts"}],"about":[{"href":"https:\/\/www.encontracontagem.com.br\/noticias\/wp-json\/wp\/v2\/types\/post"}],"author":[{"embeddable":true,"href":"https:\/\/www.encontracontagem.com.br\/noticias\/wp-json\/wp\/v2\/users\/1"}],"replies":[{"embeddable":true,"href":"https:\/\/www.encontracontagem.com.br\/noticias\/wp-json\/wp\/v2\/comments?post=759"}],"version-history":[{"count":1,"href":"https:\/\/www.encontracontagem.com.br\/noticias\/wp-json\/wp\/v2\/posts\/759\/revisions"}],"predecessor-version":[{"id":760,"href":"https:\/\/www.encontracontagem.com.br\/noticias\/wp-json\/wp\/v2\/posts\/759\/revisions\/760"}],"wp:attachment":[{"href":"https:\/\/www.encontracontagem.com.br\/noticias\/wp-json\/wp\/v2\/media?parent=759"}],"wp:term":[{"taxonomy":"category","embeddable":true,"href":"https:\/\/www.encontracontagem.com.br\/noticias\/wp-json\/wp\/v2\/categories?post=759"},{"taxonomy":"post_tag","embeddable":true,"href":"https:\/\/www.encontracontagem.com.br\/noticias\/wp-json\/wp\/v2\/tags?post=759"}],"curies":[{"name":"wp","href":"https:\/\/api.w.org\/{rel}","templated":true}]}}