{"id":756,"date":"2013-12-04T12:01:59","date_gmt":"2013-12-04T12:01:59","guid":{"rendered":"http:\/\/www.encontracontagem.com.br\/noticias\/?p=756"},"modified":"2013-12-04T12:01:59","modified_gmt":"2013-12-04T12:01:59","slug":"horario-da-biblioteca-municipal-de-contagem-e-ampliado","status":"publish","type":"post","link":"https:\/\/www.encontracontagem.com.br\/noticias\/horario-da-biblioteca-municipal-de-contagem-e-ampliado\/","title":{"rendered":"Hor\u00e1rio da Biblioteca Municipal de Contagem \u00e9 ampliado"},"content":{"rendered":"<p>A <a title=\"Prefeitura de Contagem\" href=\"http:\/\/www.encontracontagem.com.br\/contagem\/prefeitura-municipal-de-contagem.shtml\" target=\"_blank\">Prefeitura de Contagem<\/a>, por meio da Funda\u00e7\u00e3o Cultural de Contagem (Fundac), amplia, a partir hoje, o hor\u00e1rio de funcionamento da Biblioteca Municipal at\u00e9 as 20h. Al\u00e9m do empr\u00e9stimo de livros, o Telecentro (computadores com acesso \u00e0 internet) tamb\u00e9m funcionar\u00e1 com hor\u00e1rio estendido.<\/p>\n<p>A amplia\u00e7\u00e3o do hor\u00e1rio de funcionamento tem como objetivo facilitar o acesso dos alunos que estudam em diferentes turnos e da comunidade em geral, que ap\u00f3s a jornada de trabalho ter\u00e3o a oportunidade de utilizar os servi\u00e7os da biblioteca.<\/p>\n<p>Segundo a presidente da Fundac, Renata Lima, o novo hor\u00e1rio de funcionamento da Biblioteca Municipal \u00e9 mais uma medida da funda\u00e7\u00e3o para democratizar o acesso \u00e0 cultura. &#8220;Sabemos que a amplia\u00e7\u00e3o do hor\u00e1rio dar\u00e1 oportunidade para que mais pessoas tenham acesso aos servi\u00e7os da biblioteca, j\u00e1 que estudantes e trabalhadores que t\u00eam suas ocupa\u00e7\u00f5es at\u00e9 as 18h, ter\u00e3o a biblioteca de portas abertas at\u00e9 as 20h&#8221;, concluiu.<\/p>\n","protected":false},"excerpt":{"rendered":"<p>A Prefeitura de Contagem, por meio da Funda\u00e7\u00e3o Cultural de Contagem (Fundac), amplia, a partir hoje, o hor\u00e1rio de funcionamento da Biblioteca Municipal at\u00e9 as 20h. Al\u00e9m do empr\u00e9stimo de livros, o Telecentro (computadores com acesso \u00e0 internet) tamb\u00e9m funcionar\u00e1 com hor\u00e1rio estendido. A amplia\u00e7\u00e3o do hor\u00e1rio de funcionamento tem como objetivo facilitar o acesso [&hellip;]<\/p>\n","protected":false},"author":1,"featured_media":0,"comment_status":"open","ping_status":"open","sticky":false,"template":"","format":"standard","meta":{"footnotes":""},"categories":[6],"tags":[],"class_list":["post-756","post","type-post","status-publish","format-standard","hentry","category-noticias"],"_links":{"self":[{"href":"https:\/\/www.encontracontagem.com.br\/noticias\/wp-json\/wp\/v2\/posts\/756","targetHints":{"allow":["GET"]}}],"collection":[{"href":"https:\/\/www.encontracontagem.com.br\/noticias\/wp-json\/wp\/v2\/posts"}],"about":[{"href":"https:\/\/www.encontracontagem.com.br\/noticias\/wp-json\/wp\/v2\/types\/post"}],"author":[{"embeddable":true,"href":"https:\/\/www.encontracontagem.com.br\/noticias\/wp-json\/wp\/v2\/users\/1"}],"replies":[{"embeddable":true,"href":"https:\/\/www.encontracontagem.com.br\/noticias\/wp-json\/wp\/v2\/comments?post=756"}],"version-history":[{"count":1,"href":"https:\/\/www.encontracontagem.com.br\/noticias\/wp-json\/wp\/v2\/posts\/756\/revisions"}],"predecessor-version":[{"id":757,"href":"https:\/\/www.encontracontagem.com.br\/noticias\/wp-json\/wp\/v2\/posts\/756\/revisions\/757"}],"wp:attachment":[{"href":"https:\/\/www.encontracontagem.com.br\/noticias\/wp-json\/wp\/v2\/media?parent=756"}],"wp:term":[{"taxonomy":"category","embeddable":true,"href":"https:\/\/www.encontracontagem.com.br\/noticias\/wp-json\/wp\/v2\/categories?post=756"},{"taxonomy":"post_tag","embeddable":true,"href":"https:\/\/www.encontracontagem.com.br\/noticias\/wp-json\/wp\/v2\/tags?post=756"}],"curies":[{"name":"wp","href":"https:\/\/api.w.org\/{rel}","templated":true}]}}