{"id":750,"date":"2013-11-18T11:29:21","date_gmt":"2013-11-18T11:29:21","guid":{"rendered":"http:\/\/www.encontracontagem.com.br\/noticias\/?p=750"},"modified":"2013-11-18T11:29:21","modified_gmt":"2013-11-18T11:29:21","slug":"exposicao-vestigios-do-barro-e-a-nova-exposicao-do-projeto-tudoaver-em-contagem","status":"publish","type":"post","link":"https:\/\/www.encontracontagem.com.br\/noticias\/exposicao-vestigios-do-barro-e-a-nova-exposicao-do-projeto-tudoaver-em-contagem\/","title":{"rendered":"Exposi\u00e7\u00e3o Vest\u00edgios do Barro \u00e9 a nova exposi\u00e7\u00e3o do Projeto Tudoaver em Contagem"},"content":{"rendered":"<p>A Funda\u00e7\u00e3o de Cultura de Contagem (Fundac), por meio do Projeto Tudoaver, promove at\u00e9 o dia 4 de dezembro nova exposi\u00e7\u00e3o na Casa Amarela, Vest\u00edgios do barro.<\/p>\n<p>Oito artistas de Belo Horizonte, integrantes do Instituto do Brasil, levam a diversidade cultural como tem\u00e1tica de suas obras. A diversidade est\u00e1 presente em todos os trabalhos de cada artista, no g\u00eanero, na descend\u00eancia, na trajet\u00f3ria e nas formas.<\/p>\n<p>As obras de cer\u00e2mica presentes na exposi\u00e7\u00e3o Vest\u00edgios de barro, s\u00e3o feitas em diferentes t\u00e9cnicas, que envolvem argila, metal, fibra de palmeira e fogo.<\/p>\n<p>Segundo a presidente da Funda\u00e7\u00e3o de Cultura de Contagem (Fundac), Renata Lima, as exposi\u00e7\u00f5es na Casa Amarela s\u00e3o de suma import\u00e2ncia para a popula\u00e7\u00e3o. &#8220;Manter a galeria de artes em funcionamento permanente \u00e9 uma forma de valorizar os artistas por meio da cess\u00e3o do espa\u00e7o e divulga\u00e7\u00e3o de suas obras, al\u00e9m de proporcionamos \u00e0 comunidade maior acesso \u00e0 cultura&#8221;. Para promover o uso dos espa\u00e7os culturais, a Fundac ampliou o hor\u00e1rio de visita\u00e7\u00e3o da galeria, que hoje \u00e9 de 8h \u00e0s 20h.<\/p>\n<p><strong>Servi\u00e7o:<\/strong><\/p>\n<p>O que: Vest\u00edgios do Barro<br \/>\nExposi\u00e7\u00e3o: At\u00e9 4 de dezembro<br \/>\nLocal: Galeria do Centro Cultural de Contagem &#8211; Casa Amarela<br \/>\nRua: Dr. Cassiano, 130, Centro &#8211; Contagem<br \/>\nHor\u00e1rio: De segunda a sexta-feira, das 9 \u00e0s 20h<br \/>\nInforma\u00e7\u00f5es: (31) 3352-5347 &#8211; projetotudoaver@gmail.com<\/p>\n","protected":false},"excerpt":{"rendered":"<p>A Funda\u00e7\u00e3o de Cultura de Contagem (Fundac), por meio do Projeto Tudoaver, promove at\u00e9 o dia 4 de dezembro nova exposi\u00e7\u00e3o na Casa Amarela, Vest\u00edgios do barro. Oito artistas de Belo Horizonte, integrantes do Instituto do Brasil, levam a diversidade cultural como tem\u00e1tica de suas obras. A diversidade est\u00e1 presente em todos os trabalhos de [&hellip;]<\/p>\n","protected":false},"author":1,"featured_media":0,"comment_status":"open","ping_status":"open","sticky":false,"template":"","format":"standard","meta":{"footnotes":""},"categories":[6],"tags":[],"class_list":["post-750","post","type-post","status-publish","format-standard","hentry","category-noticias"],"_links":{"self":[{"href":"https:\/\/www.encontracontagem.com.br\/noticias\/wp-json\/wp\/v2\/posts\/750","targetHints":{"allow":["GET"]}}],"collection":[{"href":"https:\/\/www.encontracontagem.com.br\/noticias\/wp-json\/wp\/v2\/posts"}],"about":[{"href":"https:\/\/www.encontracontagem.com.br\/noticias\/wp-json\/wp\/v2\/types\/post"}],"author":[{"embeddable":true,"href":"https:\/\/www.encontracontagem.com.br\/noticias\/wp-json\/wp\/v2\/users\/1"}],"replies":[{"embeddable":true,"href":"https:\/\/www.encontracontagem.com.br\/noticias\/wp-json\/wp\/v2\/comments?post=750"}],"version-history":[{"count":1,"href":"https:\/\/www.encontracontagem.com.br\/noticias\/wp-json\/wp\/v2\/posts\/750\/revisions"}],"predecessor-version":[{"id":751,"href":"https:\/\/www.encontracontagem.com.br\/noticias\/wp-json\/wp\/v2\/posts\/750\/revisions\/751"}],"wp:attachment":[{"href":"https:\/\/www.encontracontagem.com.br\/noticias\/wp-json\/wp\/v2\/media?parent=750"}],"wp:term":[{"taxonomy":"category","embeddable":true,"href":"https:\/\/www.encontracontagem.com.br\/noticias\/wp-json\/wp\/v2\/categories?post=750"},{"taxonomy":"post_tag","embeddable":true,"href":"https:\/\/www.encontracontagem.com.br\/noticias\/wp-json\/wp\/v2\/tags?post=750"}],"curies":[{"name":"wp","href":"https:\/\/api.w.org\/{rel}","templated":true}]}}