{"id":738,"date":"2013-10-17T16:22:14","date_gmt":"2013-10-17T16:22:14","guid":{"rendered":"http:\/\/www.encontracontagem.com.br\/noticias\/?p=738"},"modified":"2013-10-17T16:22:14","modified_gmt":"2013-10-17T16:22:14","slug":"contagem-promove-exposicao-de-brinquedos-antigos","status":"publish","type":"post","link":"https:\/\/www.encontracontagem.com.br\/noticias\/contagem-promove-exposicao-de-brinquedos-antigos\/","title":{"rendered":"Contagem promove exposi\u00e7\u00e3o de brinquedos antigos"},"content":{"rendered":"<p>No m\u00eas das crian\u00e7as, a Funda\u00e7\u00e3o Cultural de Contagem (Fundac), por meio da Casa da Cultura Nair Mendes Moreira &#8211; Museu Hist\u00f3rico de Contagem, comemora a data com a exposi\u00e7\u00e3o &#8220;Brinquedos Antigos&#8221;.<\/p>\n<p>A mostra percorre as d\u00e9cadas de 70 e 80 mostrando jogos eletr\u00f4nicos, bonecas, rob\u00f4s, carrinhos, personagens da TV e do cinema. O acervo foi formado ao longo dos anos pelo coordenador de Arte e Cultura da Vallourec Mannesmann, Robson Soares.&#8221;Ver uma exposi\u00e7\u00e3o deste tipo \u00e9 voltar \u00e0 inf\u00e2ncia e viver novamente os bons tempos de inoc\u00eancia e felicidade&#8221;, afirmou.<\/p>\n<p>Segundo o coordenador de Pol\u00edticas de Mem\u00f3ria e Patrim\u00f4nio Cultural, Tiago Alves, a exposi\u00e7\u00e3o permite uma viagem pelo fant\u00e1stico mundo da inf\u00e2ncia de outras \u00e9pocas. &#8220;A exposi\u00e7\u00e3o retrata um importante patrim\u00f4nio cultural, permitindo \u00e0s crian\u00e7as e adultos de hoje estabelecer conex\u00f5es com o mundo real e imagin\u00e1rio de crian\u00e7as que brincaram em outros tempos&#8221;, declarou Thiago.<\/p>\n<p><strong>Programa\u00e7\u00e3o:<\/strong><\/p>\n<p>A visita ao Museu Hist\u00f3rico de Contagem pode ser feita de segunda a sexta-feira, das 8h \u00e0s 12h e das 13h \u00e0s 16h30. O endere\u00e7o \u00e9 Pra\u00e7a Vereador Josias Bel\u00e9m, 01, Sede.<\/p>\n<p><strong>Agendamento para grupos:<\/strong><\/p>\n<p>O agendamento para grupos pode ser feito \u00e0s ter\u00e7as e quintas-feiras, das 8h \u00e0s 12h e das 13h \u00e0s 16h30. Contato para agendamento: 3352-5323 e 3398-7350 &#8211; segunda \u00e0 sexta-feira ou solicita\u00e7\u00e3o por e-mail: casa.cultura@contagem.mg.gov.br<\/p>\n","protected":false},"excerpt":{"rendered":"<p>No m\u00eas das crian\u00e7as, a Funda\u00e7\u00e3o Cultural de Contagem (Fundac), por meio da Casa da Cultura Nair Mendes Moreira &#8211; Museu Hist\u00f3rico de Contagem, comemora a data com a exposi\u00e7\u00e3o &#8220;Brinquedos Antigos&#8221;. A mostra percorre as d\u00e9cadas de 70 e 80 mostrando jogos eletr\u00f4nicos, bonecas, rob\u00f4s, carrinhos, personagens da TV e do cinema. O acervo [&hellip;]<\/p>\n","protected":false},"author":1,"featured_media":0,"comment_status":"open","ping_status":"open","sticky":false,"template":"","format":"standard","meta":{"footnotes":""},"categories":[6],"tags":[],"class_list":["post-738","post","type-post","status-publish","format-standard","hentry","category-noticias"],"_links":{"self":[{"href":"https:\/\/www.encontracontagem.com.br\/noticias\/wp-json\/wp\/v2\/posts\/738","targetHints":{"allow":["GET"]}}],"collection":[{"href":"https:\/\/www.encontracontagem.com.br\/noticias\/wp-json\/wp\/v2\/posts"}],"about":[{"href":"https:\/\/www.encontracontagem.com.br\/noticias\/wp-json\/wp\/v2\/types\/post"}],"author":[{"embeddable":true,"href":"https:\/\/www.encontracontagem.com.br\/noticias\/wp-json\/wp\/v2\/users\/1"}],"replies":[{"embeddable":true,"href":"https:\/\/www.encontracontagem.com.br\/noticias\/wp-json\/wp\/v2\/comments?post=738"}],"version-history":[{"count":2,"href":"https:\/\/www.encontracontagem.com.br\/noticias\/wp-json\/wp\/v2\/posts\/738\/revisions"}],"predecessor-version":[{"id":740,"href":"https:\/\/www.encontracontagem.com.br\/noticias\/wp-json\/wp\/v2\/posts\/738\/revisions\/740"}],"wp:attachment":[{"href":"https:\/\/www.encontracontagem.com.br\/noticias\/wp-json\/wp\/v2\/media?parent=738"}],"wp:term":[{"taxonomy":"category","embeddable":true,"href":"https:\/\/www.encontracontagem.com.br\/noticias\/wp-json\/wp\/v2\/categories?post=738"},{"taxonomy":"post_tag","embeddable":true,"href":"https:\/\/www.encontracontagem.com.br\/noticias\/wp-json\/wp\/v2\/tags?post=738"}],"curies":[{"name":"wp","href":"https:\/\/api.w.org\/{rel}","templated":true}]}}