{"id":735,"date":"2013-10-10T03:28:22","date_gmt":"2013-10-10T03:28:22","guid":{"rendered":"http:\/\/www.encontracontagem.com.br\/noticias\/?p=735"},"modified":"2013-10-10T03:28:22","modified_gmt":"2013-10-10T03:28:22","slug":"rapper-renegado-se-apresenta-em-contagem","status":"publish","type":"post","link":"https:\/\/www.encontracontagem.com.br\/noticias\/rapper-renegado-se-apresenta-em-contagem\/","title":{"rendered":"Rapper Renegado se apresenta em Contagem"},"content":{"rendered":"<p>Contagem recebe, nesse domingo (13\/10), o rapper Fl\u00e1vio Abreu Louren\u00e7o, o Fl\u00e1vio Renegado. O show integra o Projeto do Circuito Cultural, realizado pela Prefeitura de Contagem, por meio da Funda\u00e7\u00e3o Cultural de Contagem. O Projeto Circuito Cultural pretende promover o acesso \u00e0s diversas formas de cultura e atividades art\u00edsticas em todas as regi\u00f5es da cidade. O evento ser\u00e1 na Pra\u00e7a da Juventude, na Regi\u00e3o do Nacional. O Circuito Cultural faz parte da programa\u00e7\u00e3o do Planejamento Participativo.<\/p>\n<p>Fl\u00e1vio Renegado \u00e9 nascido e criado na comunidade do Alto Vera Cruz, em Belo Horizonte e deu o nome de &#8220;Do Oiapoque a Nova York&#8221; a seu primeiro CD. Lan\u00e7ado no fim de 2008, o \u00e1lbum apresentou ao p\u00fablico sua mistura de hip-hop com ritmos brasileiros, latinos e jamaicanos. Desde ent\u00e3o, venceu pr\u00eamios como o de &#8220;artista revela\u00e7\u00e3o de 2008&#8221; (no pr\u00eamio Hut\u00faz), circulou pelo Brasil, Europa, Oceania e todas as Am\u00e9ricas, concluindo um ciclo ao se apresentar em Nova York em pleno Central Park.<\/p>\n<p>Em 2012, o artista fez mais uma turn\u00ea europeia (incluindo uma resid\u00eancia art\u00edstica na Inglaterra junto a jovens criadores de diferentes partes do mundo), se apresentou em festivais importantes como o Back2Black (em Londres e no Rio de Janeiro). Estabeleceu, ainda, parcerias com artistas diversificados, da nigeriana Nneka \u00e0s brasileiras Martn\u00e1lia e Fernanda Takai, al\u00e9m da participa\u00e7\u00e3o no primeiro DVD de Bebel Gilberto e uma parceria com Guilherme Arantes.<\/p>\n<p>Nesse ano, Renegado gravou seu primeiro DVD ao vivo em Belo Horizonte, com cenografia de Gringo Cardia, dire\u00e7\u00e3o musical de Liminha e Kasin, dire\u00e7\u00e3o de Joana Mazzucchelli e participa\u00e7\u00f5es de Rog\u00e9rio Flausino (Jota Quest), Aline Calixto e Meninas de Sinh\u00e1. Em setembro, participou da 5\u00aa edi\u00e7\u00e3o do Rock in Rio.<\/p>\n","protected":false},"excerpt":{"rendered":"<p>Contagem recebe, nesse domingo (13\/10), o rapper Fl\u00e1vio Abreu Louren\u00e7o, o Fl\u00e1vio Renegado. O show integra o Projeto do Circuito Cultural, realizado pela Prefeitura de Contagem, por meio da Funda\u00e7\u00e3o Cultural de Contagem. O Projeto Circuito Cultural pretende promover o acesso \u00e0s diversas formas de cultura e atividades art\u00edsticas em todas as regi\u00f5es da cidade. [&hellip;]<\/p>\n","protected":false},"author":1,"featured_media":0,"comment_status":"open","ping_status":"open","sticky":false,"template":"","format":"standard","meta":{"footnotes":""},"categories":[6],"tags":[],"class_list":["post-735","post","type-post","status-publish","format-standard","hentry","category-noticias"],"_links":{"self":[{"href":"https:\/\/www.encontracontagem.com.br\/noticias\/wp-json\/wp\/v2\/posts\/735","targetHints":{"allow":["GET"]}}],"collection":[{"href":"https:\/\/www.encontracontagem.com.br\/noticias\/wp-json\/wp\/v2\/posts"}],"about":[{"href":"https:\/\/www.encontracontagem.com.br\/noticias\/wp-json\/wp\/v2\/types\/post"}],"author":[{"embeddable":true,"href":"https:\/\/www.encontracontagem.com.br\/noticias\/wp-json\/wp\/v2\/users\/1"}],"replies":[{"embeddable":true,"href":"https:\/\/www.encontracontagem.com.br\/noticias\/wp-json\/wp\/v2\/comments?post=735"}],"version-history":[{"count":1,"href":"https:\/\/www.encontracontagem.com.br\/noticias\/wp-json\/wp\/v2\/posts\/735\/revisions"}],"predecessor-version":[{"id":736,"href":"https:\/\/www.encontracontagem.com.br\/noticias\/wp-json\/wp\/v2\/posts\/735\/revisions\/736"}],"wp:attachment":[{"href":"https:\/\/www.encontracontagem.com.br\/noticias\/wp-json\/wp\/v2\/media?parent=735"}],"wp:term":[{"taxonomy":"category","embeddable":true,"href":"https:\/\/www.encontracontagem.com.br\/noticias\/wp-json\/wp\/v2\/categories?post=735"},{"taxonomy":"post_tag","embeddable":true,"href":"https:\/\/www.encontracontagem.com.br\/noticias\/wp-json\/wp\/v2\/tags?post=735"}],"curies":[{"name":"wp","href":"https:\/\/api.w.org\/{rel}","templated":true}]}}