{"id":730,"date":"2013-09-23T00:22:52","date_gmt":"2013-09-23T00:22:52","guid":{"rendered":"http:\/\/www.encontracontagem.com.br\/noticias\/?p=730"},"modified":"2013-09-23T02:23:28","modified_gmt":"2013-09-23T02:23:28","slug":"contagem-realiza-semana-municipal-do-idoso","status":"publish","type":"post","link":"https:\/\/www.encontracontagem.com.br\/noticias\/contagem-realiza-semana-municipal-do-idoso\/","title":{"rendered":"Contagem realiza Semana Municipal do Idoso"},"content":{"rendered":"<p>O Conselho Municipal do Idoso realizar\u00e1, com o apoio da prefeitura, entre os dias 23\/9 a 3\/10, a Semana Municipal do Idoso. O evento \u00e9 uma realiza\u00e7\u00e3o das Secretarias de Desenvolvimento Social e Habita\u00e7\u00e3o; Sa\u00fade; Pessoa com Defici\u00eancia, Mobilidade Reduzida e Aten\u00e7\u00e3o ao Idoso; Direito e Cidadania; Esporte Lazer e Juventude e representantes da sociedade civil.<\/p>\n<p>Para o secret\u00e1rio da Pessoa com Defici\u00eancia, Mobilidade Reduzida e Aten\u00e7\u00e3o ao Idoso, Hamilton Lara Moreira, o evento \u00e9 de extrema import\u00e2ncia para a terceira idade. &#8220;Al\u00e9m da oportunidade de apresenta\u00e7\u00e3o de atividades culturais e art\u00edsticas, convergimos as aten\u00e7\u00f5es para novas propostas, demandas e a\u00e7\u00f5es voltadas para nossa popula\u00e7\u00e3o idosa, visando otimizar e orientar nossas pol\u00edticas p\u00fablicas &#8220;, afirmou.<\/p>\n<p>A Semana do Idoso conta, em sua programa\u00e7\u00e3o, com atividades diversas, apresenta\u00e7\u00f5es culturais, e informa\u00e7\u00f5es importantes para a popula\u00e7\u00e3o.<\/p>\n<p><strong>Confira a programa\u00e7\u00e3o:<\/strong><\/p>\n<p>23\/9(segunda-feira) &#8211; Abertura: Autoridades Municipais<br \/>\n14h \u00e0s 17h &#8211; Palestra: Envelhecimento: Avan\u00e7os e Desafios &#8211; Professora Karina Junqueira PUC-MG &#8211; Espa\u00e7o Bem Viver M\u00e1rio Covas.<br \/>\nApresenta\u00e7\u00f5es: Coral, Palestra, Dan\u00e7a e Poesia. Encontro Intergeracional.<\/p>\n<p>24\/9 (ter\u00e7a-feira) &#8211; 8h \u00e0s 17h &#8211; Distritos Sanit\u00e1rios<br \/>\nMutir\u00e3o nos Distritos Sanit\u00e1rios- Identifica\u00e7\u00e3o de casos de dem\u00eancias<\/p>\n<p>25\/9 (quarta-feira) &#8211; 14h \u00e0s 17h &#8211; Espa\u00e7o Luiz Palhares &#8211; Nova Contagem<br \/>\nApresenta\u00e7\u00f5es art\u00edsticas: dan\u00e7a, bal\u00e9, gin\u00e1stica solo e forr\u00f3- Encontro Intergeracional<\/p>\n<p>27\/9 (sexta-feira) &#8211; Parque das Amendoeiras &#8211; Regi\u00e3o da Ressaca &#8211; 14h \u00e0s 17h &#8211; Apresenta\u00e7\u00e3o art\u00edstica de dan\u00e7a de rua, violeiros e mon\u00f3logo teatral &#8211; Encontro Intergeracional<\/p>\n<p>01\/10 (Ter\u00e7a-feira)- 9h<br \/>\nCaminhada &#8211; Tema: &#8220;Envelhecer sim, mas com Dignidade&#8221; &#8211; Dia Mundial do Idoso.<br \/>\nConcentra\u00e7\u00e3o: 9h &#8211; Pra\u00e7a Paulo Pinheiro Chagas<br \/>\nSa\u00edda: 9h30<br \/>\nDestino: Pra\u00e7a do Iria Diniz<\/p>\n<p>2\/10 (quarta-feira) -14 h &#8211; Lar Maria Clara<br \/>\nApresenta\u00e7\u00f5es: coral, apresenta\u00e7\u00e3o teatral (Mon\u00f3logo)<\/p>\n<p>03\/10 Encerramento &#8211; Mesa de abertura: Autoridades municipais -14h \u00e0s 17h &#8211; Sesc\/Laces<br \/>\nApresenta\u00e7\u00f5es art\u00edsticas &#8211; Dan\u00e7as e Teatro (mon\u00f3logo) &#8211; Encontro Intergeracional<br \/>\nParticipa\u00e7\u00e3o do Centro Universit\u00e1rio UNA &#8211; Apresenta\u00e7\u00e3o Programa Universidade Aberta.<\/p>\n<p><strong>Informa\u00e7\u00f5es: <\/strong>3392-2813 (Conselho Municipal do Idoso)<\/p>\n","protected":false},"excerpt":{"rendered":"<p>O Conselho Municipal do Idoso realizar\u00e1, com o apoio da prefeitura, entre os dias 23\/9 a 3\/10, a Semana Municipal do Idoso. O evento \u00e9 uma realiza\u00e7\u00e3o das Secretarias de Desenvolvimento Social e Habita\u00e7\u00e3o; Sa\u00fade; Pessoa com Defici\u00eancia, Mobilidade Reduzida e Aten\u00e7\u00e3o ao Idoso; Direito e Cidadania; Esporte Lazer e Juventude e representantes da sociedade [&hellip;]<\/p>\n","protected":false},"author":1,"featured_media":0,"comment_status":"open","ping_status":"open","sticky":false,"template":"","format":"standard","meta":{"footnotes":""},"categories":[6],"tags":[],"class_list":["post-730","post","type-post","status-publish","format-standard","hentry","category-noticias"],"_links":{"self":[{"href":"https:\/\/www.encontracontagem.com.br\/noticias\/wp-json\/wp\/v2\/posts\/730","targetHints":{"allow":["GET"]}}],"collection":[{"href":"https:\/\/www.encontracontagem.com.br\/noticias\/wp-json\/wp\/v2\/posts"}],"about":[{"href":"https:\/\/www.encontracontagem.com.br\/noticias\/wp-json\/wp\/v2\/types\/post"}],"author":[{"embeddable":true,"href":"https:\/\/www.encontracontagem.com.br\/noticias\/wp-json\/wp\/v2\/users\/1"}],"replies":[{"embeddable":true,"href":"https:\/\/www.encontracontagem.com.br\/noticias\/wp-json\/wp\/v2\/comments?post=730"}],"version-history":[{"count":1,"href":"https:\/\/www.encontracontagem.com.br\/noticias\/wp-json\/wp\/v2\/posts\/730\/revisions"}],"predecessor-version":[{"id":731,"href":"https:\/\/www.encontracontagem.com.br\/noticias\/wp-json\/wp\/v2\/posts\/730\/revisions\/731"}],"wp:attachment":[{"href":"https:\/\/www.encontracontagem.com.br\/noticias\/wp-json\/wp\/v2\/media?parent=730"}],"wp:term":[{"taxonomy":"category","embeddable":true,"href":"https:\/\/www.encontracontagem.com.br\/noticias\/wp-json\/wp\/v2\/categories?post=730"},{"taxonomy":"post_tag","embeddable":true,"href":"https:\/\/www.encontracontagem.com.br\/noticias\/wp-json\/wp\/v2\/tags?post=730"}],"curies":[{"name":"wp","href":"https:\/\/api.w.org\/{rel}","templated":true}]}}