{"id":727,"date":"2013-09-12T12:27:49","date_gmt":"2013-09-12T12:27:49","guid":{"rendered":"http:\/\/www.encontracontagem.com.br\/noticias\/?p=727"},"modified":"2013-09-12T12:27:49","modified_gmt":"2013-09-12T12:27:49","slug":"semana-da-pessoa-com-deficiencia-acontece-este-mes-em-contagem","status":"publish","type":"post","link":"https:\/\/www.encontracontagem.com.br\/noticias\/semana-da-pessoa-com-deficiencia-acontece-este-mes-em-contagem\/","title":{"rendered":"Semana da Pessoa com Defici\u00eancia acontece este m\u00eas em Contagem"},"content":{"rendered":"<p>Acontece entre de 16 a 21 de setembro, a Semana da Pessoa com Defici\u00eancia. O evento integra o calend\u00e1rio oficial de Contagem e consiste numa s\u00e9rie de eventos que objetivam divulgar e proporcionar uma reflex\u00e3o sobre a tem\u00e1tica da pessoa com defici\u00eancia no munic\u00edpio. Este ano, a prefeitura apoia o evento por meio das parcerias com as secretarias da Pessoa com Defici\u00eancia, Mobilidade Reduzida e Aten\u00e7\u00e3o ao Idoso e Desenvolvimento Social e Habita\u00e7\u00e3o.<\/p>\n<p>Institu\u00edda pela Lei Municipal 4.282, de 21 de setembro de 2009, que estabelece a data como Dia Municipal pela Inclus\u00e3o Social da Pessoa com Defici\u00eancia, a semana contar\u00e1 com uma s\u00e9rie de eventos organizados pelo Conselho Municipal de Defesa dos Direitos da Pessoa com Defici\u00eancia.<\/p>\n<p>Segundo o secret\u00e1rio da Pessoa com Defici\u00eancia, Mobilidade Reduzida e Aten\u00e7\u00e3o ao Idoso, Hamilton Lara Moreira, a semana, constante no calend\u00e1rio oficial do munic\u00edpio, \u00e9 de grande import\u00e2ncia para apresenta\u00e7\u00e3o dos projetos voltados para as pessoas com defici\u00eancia. &#8220;Acessibilidade, inclus\u00e3o social e mercado de trabalho ser\u00e3o assuntos discutidos junto \u00e0 sociedade no sentido de unificar demandas e projetos. As discuss\u00f5es v\u00e3o se dar por meio de audi\u00eancias, palestras e eventos, abertos a popula\u00e7\u00e3o do munic\u00edpio&#8221;, afirmou.<\/p>\n<p><strong>Confira a programa\u00e7\u00e3o da Semana da Pessoa com Defici\u00eancia: <\/strong><\/p>\n<p><strong>16\/9 &#8211; Audi\u00eancia p\u00fablica: acessibilidade da pessoa com defici\u00eancia em debate. <\/strong><br \/>\nHor\u00e1rio: 14h<br \/>\nLocal: C\u00e2mera de Vereadores de Contagem &#8211; P\u00e7. S\u00e3o Gon\u00e7alo, 18, Centro.<\/p>\n<p><strong>17\/9 &#8211; Abra\u00e7o: encontro com a fam\u00edlia autista.<\/strong><\/p>\n<p><strong><\/strong>Hor\u00e1rio: 14h<\/p>\n<p>Local: Espa\u00e7o Luiz Freitas &#8211; Av. Judith Naves de Lima, 677, Funcion\u00e1rios<\/p>\n<p><strong>18\/9 &#8211; Panfletagem Atividade de Conscientiza\u00e7\u00e3o &#8211; <\/strong><br \/>\nHor\u00e1rio: a partir das 16h<br \/>\nLocal: Av. Jo\u00e3o C\u00e9sar de Oliveira (em frente ao Big Shopping).<\/p>\n<p>19\/9 &#8211; Palestra: inclus\u00e3o e supera\u00e7\u00e3o Meire Ellen Diniz Costa Galv\u00e3o &#8211; Teatro. Pe\u00e7a: revela\u00e7\u00e3o &#8211; grupo metamorfos<br \/>\nHor\u00e1rio: 9:h<br \/>\nLocal: SENAC &#8211; Rua das Paineiras, 1.300, Eldorado<\/p>\n<p><strong>19\/9 &#8211; Palestra: tr\u00e2nsito para todos Inspetor De Paula <\/strong><br \/>\nHor\u00e1rio: 14h<br \/>\nLocal: E. M. Vasco Pinto da Fonseca Rua das Paineiras, 1.500, Eldorado<\/p>\n<p><strong>20\/9 &#8211; Di\u00e1logo com a comunidade surda <\/strong><br \/>\nHor\u00e1rio: 19h<br \/>\nLocal: Associa\u00e7\u00e3o dos Surdos de Contagem. Rua Riso do Prado, 198, Eldorado<\/p>\n<p><strong>20\/9 &#8211; CINEMA COMENTADO: FILME: COLEGAS <\/strong><br \/>\nHor\u00e1rio: 9h e 14h<br \/>\nLocal: E. M. Ant\u00f4nio Carlos Lemos &#8211; Rua das Paineiras, 1.500, Eldorado<\/p>\n<p><strong>21\/9 &#8211; Marcha pela inclus\u00e3o social da pessoa com defici\u00eancia<\/strong><\/p>\n<p>Concentra\u00e7\u00e3o: Pra\u00e7a do Iria Diniz<\/p>\n<p>Hor\u00e1rio: 8h<\/p>\n","protected":false},"excerpt":{"rendered":"<p>Acontece entre de 16 a 21 de setembro, a Semana da Pessoa com Defici\u00eancia. O evento integra o calend\u00e1rio oficial de Contagem e consiste numa s\u00e9rie de eventos que objetivam divulgar e proporcionar uma reflex\u00e3o sobre a tem\u00e1tica da pessoa com defici\u00eancia no munic\u00edpio. Este ano, a prefeitura apoia o evento por meio das parcerias [&hellip;]<\/p>\n","protected":false},"author":1,"featured_media":0,"comment_status":"open","ping_status":"open","sticky":false,"template":"","format":"standard","meta":{"footnotes":""},"categories":[6],"tags":[],"class_list":["post-727","post","type-post","status-publish","format-standard","hentry","category-noticias"],"_links":{"self":[{"href":"https:\/\/www.encontracontagem.com.br\/noticias\/wp-json\/wp\/v2\/posts\/727","targetHints":{"allow":["GET"]}}],"collection":[{"href":"https:\/\/www.encontracontagem.com.br\/noticias\/wp-json\/wp\/v2\/posts"}],"about":[{"href":"https:\/\/www.encontracontagem.com.br\/noticias\/wp-json\/wp\/v2\/types\/post"}],"author":[{"embeddable":true,"href":"https:\/\/www.encontracontagem.com.br\/noticias\/wp-json\/wp\/v2\/users\/1"}],"replies":[{"embeddable":true,"href":"https:\/\/www.encontracontagem.com.br\/noticias\/wp-json\/wp\/v2\/comments?post=727"}],"version-history":[{"count":1,"href":"https:\/\/www.encontracontagem.com.br\/noticias\/wp-json\/wp\/v2\/posts\/727\/revisions"}],"predecessor-version":[{"id":728,"href":"https:\/\/www.encontracontagem.com.br\/noticias\/wp-json\/wp\/v2\/posts\/727\/revisions\/728"}],"wp:attachment":[{"href":"https:\/\/www.encontracontagem.com.br\/noticias\/wp-json\/wp\/v2\/media?parent=727"}],"wp:term":[{"taxonomy":"category","embeddable":true,"href":"https:\/\/www.encontracontagem.com.br\/noticias\/wp-json\/wp\/v2\/categories?post=727"},{"taxonomy":"post_tag","embeddable":true,"href":"https:\/\/www.encontracontagem.com.br\/noticias\/wp-json\/wp\/v2\/tags?post=727"}],"curies":[{"name":"wp","href":"https:\/\/api.w.org\/{rel}","templated":true}]}}