{"id":724,"date":"2013-09-04T15:30:33","date_gmt":"2013-09-04T15:30:33","guid":{"rendered":"http:\/\/www.encontracontagem.com.br\/noticias\/?p=724"},"modified":"2013-09-04T15:30:33","modified_gmt":"2013-09-04T15:30:33","slug":"galeria-de-artes-do-centro-cultural-de-montes-claros-passa-a-funcionar-em-novo-horario","status":"publish","type":"post","link":"https:\/\/www.encontracontagem.com.br\/noticias\/galeria-de-artes-do-centro-cultural-de-montes-claros-passa-a-funcionar-em-novo-horario\/","title":{"rendered":"Galeria de Artes do Centro Cultural de Montes Claros passa a funcionar em novo hor\u00e1rio"},"content":{"rendered":"<p>A Funda\u00e7\u00e3o Cultural de Contagem (Fundac) informa que, a partir desta sexta-feira (6\/9), a Galeria de Artes do Centro Cultural de Contagem passar\u00e1 a funcionar das 8h \u00e0s 20h. A amplia\u00e7\u00e3o do hor\u00e1rio vai possibilitar maior n\u00famero de visita\u00e7\u00f5es, permitindo que mais pessoas tenham acesso \u00e0s exposi\u00e7\u00f5es.<\/p>\n<p>Tamb\u00e9m na sexta-feira, para brindar essa nova fase, a galeria receber\u00e1 a exposi\u00e7\u00e3o itinerante do Projeto Encontro Marcado com Fernando Sabino, que homenageia o escritor mineiro que completaria 90 anos neste ano.<\/p>\n<p>O &#8220;Encontro Marcado&#8221; \u00e9 uma exposi\u00e7\u00e3o multim\u00eddia itinerante que j\u00e1 passou por 40 cidades em todo o pa\u00eds. O projeto, iniciado em 2007, \u00e9 promovido pelo Instituto Fernando Sabino e est\u00e1 diretamente ligado aos oito objetivos do mil\u00eanio da ONU, que inclui a meta 2: &#8220;Educa\u00e7\u00e3o B\u00e1sica de Qualidade para Todos&#8221;. A exposi\u00e7\u00e3o vai contar com a participa\u00e7\u00e3o de trabalhos dos estudantes de aproximadamente 15 escolas da Rede Municipal de Contagem.<\/p>\n<p>A Galeria de Artes do Centro Cultural fica na rua Dr. Cassiano, 120, Centro, Contagem. Informa\u00e7\u00f5es: (31) 3352 5347.<\/p>\n","protected":false},"excerpt":{"rendered":"<p>A Funda\u00e7\u00e3o Cultural de Contagem (Fundac) informa que, a partir desta sexta-feira (6\/9), a Galeria de Artes do Centro Cultural de Contagem passar\u00e1 a funcionar das 8h \u00e0s 20h. A amplia\u00e7\u00e3o do hor\u00e1rio vai possibilitar maior n\u00famero de visita\u00e7\u00f5es, permitindo que mais pessoas tenham acesso \u00e0s exposi\u00e7\u00f5es. Tamb\u00e9m na sexta-feira, para brindar essa nova fase, [&hellip;]<\/p>\n","protected":false},"author":1,"featured_media":0,"comment_status":"open","ping_status":"open","sticky":false,"template":"","format":"standard","meta":{"footnotes":""},"categories":[6],"tags":[],"class_list":["post-724","post","type-post","status-publish","format-standard","hentry","category-noticias"],"_links":{"self":[{"href":"https:\/\/www.encontracontagem.com.br\/noticias\/wp-json\/wp\/v2\/posts\/724","targetHints":{"allow":["GET"]}}],"collection":[{"href":"https:\/\/www.encontracontagem.com.br\/noticias\/wp-json\/wp\/v2\/posts"}],"about":[{"href":"https:\/\/www.encontracontagem.com.br\/noticias\/wp-json\/wp\/v2\/types\/post"}],"author":[{"embeddable":true,"href":"https:\/\/www.encontracontagem.com.br\/noticias\/wp-json\/wp\/v2\/users\/1"}],"replies":[{"embeddable":true,"href":"https:\/\/www.encontracontagem.com.br\/noticias\/wp-json\/wp\/v2\/comments?post=724"}],"version-history":[{"count":1,"href":"https:\/\/www.encontracontagem.com.br\/noticias\/wp-json\/wp\/v2\/posts\/724\/revisions"}],"predecessor-version":[{"id":725,"href":"https:\/\/www.encontracontagem.com.br\/noticias\/wp-json\/wp\/v2\/posts\/724\/revisions\/725"}],"wp:attachment":[{"href":"https:\/\/www.encontracontagem.com.br\/noticias\/wp-json\/wp\/v2\/media?parent=724"}],"wp:term":[{"taxonomy":"category","embeddable":true,"href":"https:\/\/www.encontracontagem.com.br\/noticias\/wp-json\/wp\/v2\/categories?post=724"},{"taxonomy":"post_tag","embeddable":true,"href":"https:\/\/www.encontracontagem.com.br\/noticias\/wp-json\/wp\/v2\/tags?post=724"}],"curies":[{"name":"wp","href":"https:\/\/api.w.org\/{rel}","templated":true}]}}