{"id":722,"date":"2013-08-29T13:41:38","date_gmt":"2013-08-29T13:41:38","guid":{"rendered":"http:\/\/www.encontracontagem.com.br\/noticias\/?p=722"},"modified":"2013-08-29T13:41:38","modified_gmt":"2013-08-29T13:41:38","slug":"contagem-ganhara-o-seu-primeiro-restaurante-popular","status":"publish","type":"post","link":"https:\/\/www.encontracontagem.com.br\/noticias\/contagem-ganhara-o-seu-primeiro-restaurante-popular\/","title":{"rendered":"Contagem ganhar\u00e1 o seu primeiro Restaurante Popular"},"content":{"rendered":"<p>No dia em que Contagem completa 102 anos (30\/8), a prefeitura presenteia a popula\u00e7\u00e3o com o primeiro Restaurante Popular da cidade. O espa\u00e7o ter\u00e1 capacidade para oferecer 4 mil refei\u00e7\u00f5es por dia, no valor de R$ 2,00 . O Restaurante Popular ser\u00e1 na rua Madre Margherita Fontanareza, 420, esquina com travessa B-Tr\u00eas, no bairro Eldorado. O card\u00e1pio ser\u00e1 variado e as refei\u00e7\u00f5es ser\u00e3o elaboradas respeitando as caracter\u00edsticas e h\u00e1bitos alimentares com crit\u00e9rios nutricionais apurados.<\/p>\n<p>O restaurante popular \u00e9 uma das novas prioridades da atual gest\u00e3o e foi anunciado pelo prefeito Carlin Moura no evento que marcou os 100 dias de governo, em abril. Os recursos para a constru\u00e7\u00e3o s\u00e3o 100% do governo municipal. &#8220;Contagem precisava de um restaurante popular. Esse \u00e9 um dos passos para a implanta\u00e7\u00e3o de uma pol\u00edtica de seguran\u00e7a alimentar de verdade no munic\u00edpio, visando erradicar a fome e a extrema pobreza no munic\u00edpio.&#8221; disse Carlin Moura, ressaltando o car\u00e1ter social da obra.<\/p>\n<p>Para o secret\u00e1rio de Desenvolvimento Social, professor Carlinhos, esse \u00e9 um importante momento para o munic\u00edpio. &#8220;Mesmo com o or\u00e7amento apertado e com o momento financeiro dif\u00edcil que os munic\u00edpios enfrentam, a atual gest\u00e3o assumiu o compromisso de fundar o primeiro restaurante popular j\u00e1 em 2013. Essa \u00e9 uma conquista importante para a popula\u00e7\u00e3o contagense&#8221;.<\/p>\n<p><strong>Estrutura<\/strong><br \/>\nO Restaurante Popular, al\u00e9m de representar um ganho importante na pol\u00edtica de seguran\u00e7a alimentar, tamb\u00e9m ofertar\u00e1 novas vagas de emprego no munic\u00edpio. A previs\u00e3o \u00e9 que o restaurante contar\u00e1 com cerca de 60 funcion\u00e1rios, sendo nutricionistas, chefe de cozinha, cozinheiros, auxiliares de cozinha e saladeiros, al\u00e9m de profissionais administrativos, cont\u00e1beis e financeiros.<\/p>\n<p>Ser\u00e3o aproximadamente mil metros quadrados de \u00e1rea constru\u00edda, em dois n\u00edveis, com capacidade para servir 4 mil refei\u00e7\u00f5es por dia. Al\u00e9m de investir na infraestrutura do pr\u00e9dio e na manuten\u00e7\u00e3o do Restaurante Popular, o munic\u00edpio arcar\u00e1 com cerca de R$ 140 mil por m\u00eas para subsidiar o valor das refei\u00e7\u00f5es.<\/p>\n<p>As refei\u00e7\u00f5es ser\u00e3o oferecidas de segunda a sexta-feira, das 10h30 \u00e0s 14h. Elas ser\u00e3o elaboradas por nutricionistas, e conter\u00e3o, al\u00e9m dos tradicionais arroz e feij\u00e3o, op\u00e7\u00f5es de carne, guarni\u00e7\u00e3o e uma op\u00e7\u00e3o de fruta por dia. &#8220;A ideia \u00e9 servir fruta, alternando o tipo a cada dia, pois \u00e9 um alimento de maior valor nutricional. Al\u00e9m disso, teremos bebedouros, na entrada e na sa\u00edda&#8221;, afirma a secret\u00e1ria-adjunta de Desenvolvimento Social, Marilene Pimenta.<\/p>\n<p><strong>Restaurante Popular em n\u00fameros:<\/strong><br \/>\n4 mil refei\u00e7\u00f5es por dia;<br \/>\nUma op\u00e7\u00e3o de fruta por dia;<br \/>\nCada refei\u00e7\u00e3o custa R$ 2,00;<br \/>\n100% dos recursos s\u00e3o da prefeitura;<br \/>\nFunciona de 2\u00aa a 6\u00aa feira, das 10h30 \u00e0s 14h;<br \/>\nBebedouros;<br \/>\nCard\u00e1pio balanceado;<br \/>\nRefei\u00e7\u00f5es elaboradas por nutricionistas, respeitando os h\u00e1bitos alimentares do contagense;<br \/>\nMil metros quadrados de \u00e1rea constru\u00edda.<\/p>\n","protected":false},"excerpt":{"rendered":"<p>No dia em que Contagem completa 102 anos (30\/8), a prefeitura presenteia a popula\u00e7\u00e3o com o primeiro Restaurante Popular da cidade. O espa\u00e7o ter\u00e1 capacidade para oferecer 4 mil refei\u00e7\u00f5es por dia, no valor de R$ 2,00 . O Restaurante Popular ser\u00e1 na rua Madre Margherita Fontanareza, 420, esquina com travessa B-Tr\u00eas, no bairro Eldorado. [&hellip;]<\/p>\n","protected":false},"author":1,"featured_media":0,"comment_status":"open","ping_status":"open","sticky":false,"template":"","format":"standard","meta":{"footnotes":""},"categories":[6],"tags":[],"class_list":["post-722","post","type-post","status-publish","format-standard","hentry","category-noticias"],"_links":{"self":[{"href":"https:\/\/www.encontracontagem.com.br\/noticias\/wp-json\/wp\/v2\/posts\/722","targetHints":{"allow":["GET"]}}],"collection":[{"href":"https:\/\/www.encontracontagem.com.br\/noticias\/wp-json\/wp\/v2\/posts"}],"about":[{"href":"https:\/\/www.encontracontagem.com.br\/noticias\/wp-json\/wp\/v2\/types\/post"}],"author":[{"embeddable":true,"href":"https:\/\/www.encontracontagem.com.br\/noticias\/wp-json\/wp\/v2\/users\/1"}],"replies":[{"embeddable":true,"href":"https:\/\/www.encontracontagem.com.br\/noticias\/wp-json\/wp\/v2\/comments?post=722"}],"version-history":[{"count":1,"href":"https:\/\/www.encontracontagem.com.br\/noticias\/wp-json\/wp\/v2\/posts\/722\/revisions"}],"predecessor-version":[{"id":723,"href":"https:\/\/www.encontracontagem.com.br\/noticias\/wp-json\/wp\/v2\/posts\/722\/revisions\/723"}],"wp:attachment":[{"href":"https:\/\/www.encontracontagem.com.br\/noticias\/wp-json\/wp\/v2\/media?parent=722"}],"wp:term":[{"taxonomy":"category","embeddable":true,"href":"https:\/\/www.encontracontagem.com.br\/noticias\/wp-json\/wp\/v2\/categories?post=722"},{"taxonomy":"post_tag","embeddable":true,"href":"https:\/\/www.encontracontagem.com.br\/noticias\/wp-json\/wp\/v2\/tags?post=722"}],"curies":[{"name":"wp","href":"https:\/\/api.w.org\/{rel}","templated":true}]}}