{"id":490,"date":"2013-06-27T13:11:26","date_gmt":"2013-06-27T13:11:26","guid":{"rendered":"http:\/\/www.encontracontagem.com.br\/noticias\/?p=490"},"modified":"2013-06-27T13:11:26","modified_gmt":"2013-06-27T13:11:26","slug":"populacao-participa-da-inauguracao-da-decoracao-junina-do-parque-ecologico-de-contagem","status":"publish","type":"post","link":"https:\/\/www.encontracontagem.com.br\/noticias\/populacao-participa-da-inauguracao-da-decoracao-junina-do-parque-ecologico-de-contagem\/","title":{"rendered":"Popula\u00e7\u00e3o participa da inaugura\u00e7\u00e3o da decora\u00e7\u00e3o junina do Parque Ecol\u00f3gico de Contagem"},"content":{"rendered":"<p>Dezenas de pessoas prestigiaram, na no \u00faltimo dia 18, a inaugura\u00e7\u00e3o da decora\u00e7\u00e3o junina do Parque Ecol\u00f3gico do Eldorado. A alegria tomou conta das apresenta\u00e7\u00f5es da banda da Guarda Municipal de Contagem e dos m\u00fasicos Renato Martins e Mariana, que cantaram e tocaram m\u00fasicas alusivas ao tema.<\/p>\n<p>O ambiente agrad\u00e1vel permitiu aos pais levarem seus filhos ao evento. Como aconteceu com Graziele Silva, moradora de Contagem, que levou o filho Gabriel Soares para ver os bal\u00f5es, bandeirinhas e bonecos. &#8220;Ficou muito lindo. Est\u00e3o de parab\u00e9ns!&#8221;.<\/p>\n<p>Andreia Teixeira tamb\u00e9m levou a filha Ana Luiza Teixeira para ver a decora\u00e7\u00e3o. &#8220;Estava com a minha filha brincando no parque e vi o pessoal enfeitando. Tive curiosidade, perguntei e eles me informaram sobre a inaugura\u00e7\u00e3o &#8220;, conta<\/p>\n<p>Para conferir a decora\u00e7\u00e3o junina visite o Parque Ecol\u00f3gico do Eldorado situado a rua das Paineiras, 1.722, no bairro Eldorado, pr\u00f3ximo ao Big Shopping. Entrada gratuita. Informa\u00e7\u00f5es pelo telefone (31)3351-6188.<\/p>\n<p><em>Fonte: Prefeitura Contagem<\/em><\/p>\n","protected":false},"excerpt":{"rendered":"<p>Dezenas de pessoas prestigiaram, na no \u00faltimo dia 18, a inaugura\u00e7\u00e3o da decora\u00e7\u00e3o junina do Parque Ecol\u00f3gico do Eldorado. A alegria tomou conta das apresenta\u00e7\u00f5es da banda da Guarda Municipal de Contagem e dos m\u00fasicos Renato Martins e Mariana, que cantaram e tocaram m\u00fasicas alusivas ao tema. O ambiente agrad\u00e1vel permitiu aos pais levarem seus [&hellip;]<\/p>\n","protected":false},"author":1,"featured_media":0,"comment_status":"open","ping_status":"open","sticky":false,"template":"","format":"standard","meta":{"footnotes":""},"categories":[6],"tags":[],"class_list":["post-490","post","type-post","status-publish","format-standard","hentry","category-noticias"],"_links":{"self":[{"href":"https:\/\/www.encontracontagem.com.br\/noticias\/wp-json\/wp\/v2\/posts\/490","targetHints":{"allow":["GET"]}}],"collection":[{"href":"https:\/\/www.encontracontagem.com.br\/noticias\/wp-json\/wp\/v2\/posts"}],"about":[{"href":"https:\/\/www.encontracontagem.com.br\/noticias\/wp-json\/wp\/v2\/types\/post"}],"author":[{"embeddable":true,"href":"https:\/\/www.encontracontagem.com.br\/noticias\/wp-json\/wp\/v2\/users\/1"}],"replies":[{"embeddable":true,"href":"https:\/\/www.encontracontagem.com.br\/noticias\/wp-json\/wp\/v2\/comments?post=490"}],"version-history":[{"count":1,"href":"https:\/\/www.encontracontagem.com.br\/noticias\/wp-json\/wp\/v2\/posts\/490\/revisions"}],"predecessor-version":[{"id":491,"href":"https:\/\/www.encontracontagem.com.br\/noticias\/wp-json\/wp\/v2\/posts\/490\/revisions\/491"}],"wp:attachment":[{"href":"https:\/\/www.encontracontagem.com.br\/noticias\/wp-json\/wp\/v2\/media?parent=490"}],"wp:term":[{"taxonomy":"category","embeddable":true,"href":"https:\/\/www.encontracontagem.com.br\/noticias\/wp-json\/wp\/v2\/categories?post=490"},{"taxonomy":"post_tag","embeddable":true,"href":"https:\/\/www.encontracontagem.com.br\/noticias\/wp-json\/wp\/v2\/tags?post=490"}],"curies":[{"name":"wp","href":"https:\/\/api.w.org\/{rel}","templated":true}]}}