{"id":487,"date":"2013-06-27T01:07:42","date_gmt":"2013-06-27T01:07:42","guid":{"rendered":"http:\/\/www.encontracontagem.com.br\/noticias\/?p=487"},"modified":"2013-06-27T13:09:17","modified_gmt":"2013-06-27T13:09:17","slug":"prefeitura-de-contagem-prorroga-o-cadastramento-escolar","status":"publish","type":"post","link":"https:\/\/www.encontracontagem.com.br\/noticias\/prefeitura-de-contagem-prorroga-o-cadastramento-escolar\/","title":{"rendered":"Prefeitura de Contagem prorroga o cadastramento escolar"},"content":{"rendered":"<p>A Prefeitura de Contagem, por meio da Secretaria Municipal de Educa\u00e7\u00e3o, prorrogou o cadastramento escolar. Pais e respons\u00e1veis que queiram garantir a matr\u00edcula dos filhos para o pr\u00f3ximo ano t\u00eam que fazer o cadastro. A inscri\u00e7\u00e3o \u00e9 um levantamento utilizado para o planejamento da Secretaria Municipal de Educa\u00e7\u00e3o, e garante vagas aos alunos da Rede Municipal de Ensino na escola mais pr\u00f3xima da resid\u00eancia. O cadastro, que \u00e9 para as redes municipal e estadual de ensino, deve ser feito at\u00e9 a pr\u00f3xima sexta-feira (28\/6).<\/p>\n<p>As crian\u00e7as que ir\u00e3o cursar o primeiro ano do ensino fundamental dever\u00e3o ter seis anos completos at\u00e9 o dia 31 de mar\u00e7o de 2014.<\/p>\n<p>Para fazer o cadastro, pais ou respons\u00e1veis t\u00eam que apresentar original ou c\u00f3pia da certid\u00e3o de nascimento do aluno, comprovante de resid\u00eancia e, nos casos de transfer\u00eancia para as redes p\u00fablicas ou retomada de estudos, o documento comprobat\u00f3rio expedido pela escola de origem.<\/p>\n<p><strong>Educa\u00e7\u00e3o Infantil<\/strong><\/p>\n<p>As inscri\u00e7\u00f5es para a entrada na Educa\u00e7\u00e3o Infantil em 2014 tamb\u00e9m ocorrer\u00e3o de 17 a 28 de junho. Os pais ou respons\u00e1veis poder\u00e3o inscrever as crian\u00e7as nascidas entre 01\/04\/2008 a 28\/06\/2013 nos centros municipais de Educa\u00e7\u00e3o Infantil mais pr\u00f3ximos a sua resid\u00eancia. J\u00e1 nas escolas municipais ou anexos que oferecem a Educa\u00e7\u00e3o Infantil, poder\u00e3o ser inscritas crian\u00e7as nascidas entre 01\/04\/2008 a 31\/03\/2010.<\/p>\n<p><strong>Matr\u00edculas fora da faixa et\u00e1ria<\/strong><\/p>\n<p>Em raz\u00e3o da decis\u00e3o publicada nos autos da A\u00e7\u00e3o Civil P\u00fablica n\u00ba 0050861.51.2012.4.01.3800, que tramita na Sess\u00e3o Judici\u00e1ria Federal de Minas Gerais, o pai ou respons\u00e1vel da crian\u00e7a que completar seis anos entre 1\u00ba de abril a 31 de dezembro de 2014, tamb\u00e9m poder\u00e1 inscrever seu filho. Os pais assinam um termo de ci\u00eancia e responsabilidade, e a crian\u00e7a ser\u00e1 submetida a uma avalia\u00e7\u00e3o psicopedag\u00f3gica para comprova\u00e7\u00e3o de sua capacidade intelectual. Caso seja aprovada, a crian\u00e7a ter\u00e1 sua matr\u00edcula efetivada no 1\u00ba ano do ensino fundamental. Se a avalia\u00e7\u00e3o psicopedag\u00f3gica apontar inaptid\u00e3o da crian\u00e7a para o ensino fundamental, esta poder\u00e1 ser matriculada na pr\u00e9-escola, havendo a vaga.<\/p>\n<p><em>Fonte: Prefeitura Contagem<\/em><\/p>\n","protected":false},"excerpt":{"rendered":"<p>A Prefeitura de Contagem, por meio da Secretaria Municipal de Educa\u00e7\u00e3o, prorrogou o cadastramento escolar. Pais e respons\u00e1veis que queiram garantir a matr\u00edcula dos filhos para o pr\u00f3ximo ano t\u00eam que fazer o cadastro. A inscri\u00e7\u00e3o \u00e9 um levantamento utilizado para o planejamento da Secretaria Municipal de Educa\u00e7\u00e3o, e garante vagas aos alunos da Rede [&hellip;]<\/p>\n","protected":false},"author":1,"featured_media":0,"comment_status":"open","ping_status":"open","sticky":false,"template":"","format":"standard","meta":{"footnotes":""},"categories":[6],"tags":[],"class_list":["post-487","post","type-post","status-publish","format-standard","hentry","category-noticias"],"_links":{"self":[{"href":"https:\/\/www.encontracontagem.com.br\/noticias\/wp-json\/wp\/v2\/posts\/487","targetHints":{"allow":["GET"]}}],"collection":[{"href":"https:\/\/www.encontracontagem.com.br\/noticias\/wp-json\/wp\/v2\/posts"}],"about":[{"href":"https:\/\/www.encontracontagem.com.br\/noticias\/wp-json\/wp\/v2\/types\/post"}],"author":[{"embeddable":true,"href":"https:\/\/www.encontracontagem.com.br\/noticias\/wp-json\/wp\/v2\/users\/1"}],"replies":[{"embeddable":true,"href":"https:\/\/www.encontracontagem.com.br\/noticias\/wp-json\/wp\/v2\/comments?post=487"}],"version-history":[{"count":2,"href":"https:\/\/www.encontracontagem.com.br\/noticias\/wp-json\/wp\/v2\/posts\/487\/revisions"}],"predecessor-version":[{"id":489,"href":"https:\/\/www.encontracontagem.com.br\/noticias\/wp-json\/wp\/v2\/posts\/487\/revisions\/489"}],"wp:attachment":[{"href":"https:\/\/www.encontracontagem.com.br\/noticias\/wp-json\/wp\/v2\/media?parent=487"}],"wp:term":[{"taxonomy":"category","embeddable":true,"href":"https:\/\/www.encontracontagem.com.br\/noticias\/wp-json\/wp\/v2\/categories?post=487"},{"taxonomy":"post_tag","embeddable":true,"href":"https:\/\/www.encontracontagem.com.br\/noticias\/wp-json\/wp\/v2\/tags?post=487"}],"curies":[{"name":"wp","href":"https:\/\/api.w.org\/{rel}","templated":true}]}}