{"id":484,"date":"2013-06-25T01:06:25","date_gmt":"2013-06-25T01:06:25","guid":{"rendered":"http:\/\/www.encontracontagem.com.br\/noticias\/?p=484"},"modified":"2013-06-25T01:06:25","modified_gmt":"2013-06-25T01:06:25","slug":"contagem-vargem-das-flores-recebe-pre-conferencia-da-igualdade-racial","status":"publish","type":"post","link":"https:\/\/www.encontracontagem.com.br\/noticias\/contagem-vargem-das-flores-recebe-pre-conferencia-da-igualdade-racial\/","title":{"rendered":"Contagem: Vargem das Flores recebe Pr\u00e9-Confer\u00eancia da Igualdade Racial"},"content":{"rendered":"<p>Promover o debate sobre as pol\u00edticas e a\u00e7\u00f5es voltadas \u00e0 promo\u00e7\u00e3o da igualdade racial. Esse foi o objetivo da pr\u00e9-confer\u00eancia, realizada na E.M. Ana Guedes Vieira, na Regional Vargem das Flores, no \u00faltimo s\u00e1bado (22\/6). As propostas discutidas fazem parte do documento base da III Confer\u00eancia Municipal de Promo\u00e7\u00e3o da Igualdade Racial, que ser\u00e1 realizada de 12 a 14 de julho, na C\u00e2mara Municipal de Contagem.<\/p>\n<p>A pr\u00e9-confer\u00eancia reuniu 48 pessoas, na maioria, jovens. O secret\u00e1rio adjunto de Direito e Cidadania, \u00c9rico Nogueira, coordenador do debate, destacou que um dos objetivos das pr\u00e9-confer\u00eancias \u00e9 a elei\u00e7\u00e3o dos delegados regionais para a confer\u00eancia municipal.<\/p>\n<p>&#8220;Estamos fazendo um balan\u00e7o das pol\u00edticas implementadas no munic\u00edpio para promo\u00e7\u00e3o da igualdade racial. Um balan\u00e7o do que foi definido nas I e II confer\u00eancias, o que foi feito e o que falta fazer. Tudo isso para que a gente possa elaborar um plano de a\u00e7\u00e3o, com prazos e metas, para implanta\u00e7\u00e3o dessas pol\u00edticas&#8221;, afirmou o secret\u00e1rio adjunto.<\/p>\n<p>O representante da Associa\u00e7\u00e3o Cultural Odum Orix\u00e1, Jos\u00e9 Saboia, e o representante do Agentes de Pastoral Negros (APNS), Fl\u00e1vio Santos, tamb\u00e9m mediaram o debate.<\/p>\n<p>Jos\u00e9 Saboia salientou a grande representatividade dos jovens na regi\u00e3o. &#8220;Essa pr\u00e9-confer\u00eancia tem, hoje, uma import\u00e2ncia muito singular que \u00e9 fazer um balan\u00e7o das pol\u00edticas, principalmente, dos \u00faltimos anos. \u00c9 tamb\u00e9m um momento de escutar o que as pessoas t\u00eam a dizer. Essa confer\u00eancia de Nova Contagem \u00e9 interessante porque tem uma predomin\u00e2ncia juvenil&#8221;.<\/p>\n<p><strong>A Confer\u00eancia<\/strong><\/p>\n<p>A III Confer\u00eancia Municipal de Promo\u00e7\u00e3o da Igualdade Racial tem como tema: &#8220;Democracia e desenvolvimento sem racismo: por um Brasil afirmativo&#8221;. Ela \u00e9 um dos eventos preparat\u00f3rios para a confer\u00eancia nacional, marcada para acontecer de 5 a 7 de novembro, em Bras\u00edlia.<\/p>\n<p>A III confer\u00eancia \u00e9 uma realiza\u00e7\u00e3o da Prefeitura de Contagem, por meio da Secretaria Municipal de Direitos e Cidadanial. Todas as regionais da cidade receberam as pr\u00e9-confer\u00eancias, para o debate das propostas e elei\u00e7\u00e3o dos delegados. Outras informa\u00e7\u00f5es podem ser obtidas na Coordenadoria de Promo\u00e7\u00e3o da Igualdade Racial, pelo telefone 3398-4268.<\/p>\n<p><em>Fonte: Prefeitura Contagem<\/em><\/p>\n","protected":false},"excerpt":{"rendered":"<p>Promover o debate sobre as pol\u00edticas e a\u00e7\u00f5es voltadas \u00e0 promo\u00e7\u00e3o da igualdade racial. Esse foi o objetivo da pr\u00e9-confer\u00eancia, realizada na E.M. Ana Guedes Vieira, na Regional Vargem das Flores, no \u00faltimo s\u00e1bado (22\/6). As propostas discutidas fazem parte do documento base da III Confer\u00eancia Municipal de Promo\u00e7\u00e3o da Igualdade Racial, que ser\u00e1 realizada [&hellip;]<\/p>\n","protected":false},"author":1,"featured_media":0,"comment_status":"open","ping_status":"open","sticky":false,"template":"","format":"standard","meta":{"footnotes":""},"categories":[6],"tags":[],"class_list":["post-484","post","type-post","status-publish","format-standard","hentry","category-noticias"],"_links":{"self":[{"href":"https:\/\/www.encontracontagem.com.br\/noticias\/wp-json\/wp\/v2\/posts\/484","targetHints":{"allow":["GET"]}}],"collection":[{"href":"https:\/\/www.encontracontagem.com.br\/noticias\/wp-json\/wp\/v2\/posts"}],"about":[{"href":"https:\/\/www.encontracontagem.com.br\/noticias\/wp-json\/wp\/v2\/types\/post"}],"author":[{"embeddable":true,"href":"https:\/\/www.encontracontagem.com.br\/noticias\/wp-json\/wp\/v2\/users\/1"}],"replies":[{"embeddable":true,"href":"https:\/\/www.encontracontagem.com.br\/noticias\/wp-json\/wp\/v2\/comments?post=484"}],"version-history":[{"count":1,"href":"https:\/\/www.encontracontagem.com.br\/noticias\/wp-json\/wp\/v2\/posts\/484\/revisions"}],"predecessor-version":[{"id":485,"href":"https:\/\/www.encontracontagem.com.br\/noticias\/wp-json\/wp\/v2\/posts\/484\/revisions\/485"}],"wp:attachment":[{"href":"https:\/\/www.encontracontagem.com.br\/noticias\/wp-json\/wp\/v2\/media?parent=484"}],"wp:term":[{"taxonomy":"category","embeddable":true,"href":"https:\/\/www.encontracontagem.com.br\/noticias\/wp-json\/wp\/v2\/categories?post=484"},{"taxonomy":"post_tag","embeddable":true,"href":"https:\/\/www.encontracontagem.com.br\/noticias\/wp-json\/wp\/v2\/tags?post=484"}],"curies":[{"name":"wp","href":"https:\/\/api.w.org\/{rel}","templated":true}]}}