{"id":481,"date":"2013-06-25T01:03:52","date_gmt":"2013-06-25T01:03:52","guid":{"rendered":"http:\/\/www.encontracontagem.com.br\/noticias\/?p=481"},"modified":"2013-06-25T01:03:52","modified_gmt":"2013-06-25T01:03:52","slug":"contagem-fundac-adia-data-das-pre-conferencias-de-cultura","status":"publish","type":"post","link":"https:\/\/www.encontracontagem.com.br\/noticias\/contagem-fundac-adia-data-das-pre-conferencias-de-cultura\/","title":{"rendered":"Contagem: Fundac adia data das pr\u00e9-confer\u00eancias de cultura"},"content":{"rendered":"<p>A Funda\u00e7\u00e3o Cultural de Contagem (Fundac) informa que foram adiadas as datas e os locais das pr\u00e9-confer\u00eancias e da 2\u00aa Confer\u00eancia Municipal de Cultura de Contagem. Tamb\u00e9m as inscri\u00e7\u00f5es para as pr\u00e9-confer\u00eancias est\u00e3o suspensas.<\/p>\n<p>Em breve, a funda\u00e7\u00e3o ir\u00e1 divulgar os novos endere\u00e7os e datas.<\/p>\n<p><em>Fonte: Prefeitura Contagem<\/em><\/p>\n","protected":false},"excerpt":{"rendered":"<p>A Funda\u00e7\u00e3o Cultural de Contagem (Fundac) informa que foram adiadas as datas e os locais das pr\u00e9-confer\u00eancias e da 2\u00aa Confer\u00eancia Municipal de Cultura de Contagem. Tamb\u00e9m as inscri\u00e7\u00f5es para as pr\u00e9-confer\u00eancias est\u00e3o suspensas. Em breve, a funda\u00e7\u00e3o ir\u00e1 divulgar os novos endere\u00e7os e datas. Fonte: Prefeitura Contagem<\/p>\n","protected":false},"author":1,"featured_media":0,"comment_status":"open","ping_status":"open","sticky":false,"template":"","format":"standard","meta":{"footnotes":""},"categories":[6],"tags":[],"class_list":["post-481","post","type-post","status-publish","format-standard","hentry","category-noticias"],"_links":{"self":[{"href":"https:\/\/www.encontracontagem.com.br\/noticias\/wp-json\/wp\/v2\/posts\/481","targetHints":{"allow":["GET"]}}],"collection":[{"href":"https:\/\/www.encontracontagem.com.br\/noticias\/wp-json\/wp\/v2\/posts"}],"about":[{"href":"https:\/\/www.encontracontagem.com.br\/noticias\/wp-json\/wp\/v2\/types\/post"}],"author":[{"embeddable":true,"href":"https:\/\/www.encontracontagem.com.br\/noticias\/wp-json\/wp\/v2\/users\/1"}],"replies":[{"embeddable":true,"href":"https:\/\/www.encontracontagem.com.br\/noticias\/wp-json\/wp\/v2\/comments?post=481"}],"version-history":[{"count":2,"href":"https:\/\/www.encontracontagem.com.br\/noticias\/wp-json\/wp\/v2\/posts\/481\/revisions"}],"predecessor-version":[{"id":483,"href":"https:\/\/www.encontracontagem.com.br\/noticias\/wp-json\/wp\/v2\/posts\/481\/revisions\/483"}],"wp:attachment":[{"href":"https:\/\/www.encontracontagem.com.br\/noticias\/wp-json\/wp\/v2\/media?parent=481"}],"wp:term":[{"taxonomy":"category","embeddable":true,"href":"https:\/\/www.encontracontagem.com.br\/noticias\/wp-json\/wp\/v2\/categories?post=481"},{"taxonomy":"post_tag","embeddable":true,"href":"https:\/\/www.encontracontagem.com.br\/noticias\/wp-json\/wp\/v2\/tags?post=481"}],"curies":[{"name":"wp","href":"https:\/\/api.w.org\/{rel}","templated":true}]}}