{"id":479,"date":"2013-06-21T01:10:15","date_gmt":"2013-06-21T01:10:15","guid":{"rendered":"http:\/\/www.encontracontagem.com.br\/noticias\/?p=479"},"modified":"2013-06-20T18:11:29","modified_gmt":"2013-06-20T18:11:29","slug":"fundac-realiza-conferencia-de-cultura-em-contagem","status":"publish","type":"post","link":"https:\/\/www.encontracontagem.com.br\/noticias\/fundac-realiza-conferencia-de-cultura-em-contagem\/","title":{"rendered":"Fundac realiza confer\u00eancia de cultura em Contagem"},"content":{"rendered":"<p>A Funda\u00e7\u00e3o Cultural de Contagem (Fundac) promove, nos dias 5 e 6 de julho, a 2\u00aa Confer\u00eancia Municipal de Cultura, que estar\u00e1 alinhada com as diretrizes do Sistema Nacional de Cultura e com os temas da 3\u00aa Confer\u00eancia Nacional de Cultura. O objetivo \u00e9 promover a implementa\u00e7\u00e3o do Sistema Municipal de Cultura; a produ\u00e7\u00e3o simb\u00f3lica e diversidade cultural; a cidadania e direitos culturais e a cultura e o desenvolvimento.<\/p>\n<p>Durante os debates ser\u00e3o eleitos os delegados. Esses encontros que antecedem a 2\u00aa confer\u00eancia municipal s\u00e3o um importante espa\u00e7o para debate, levantamento de demandas e propostas por parte dos usu\u00e1rios da cultura, dos agentes e produtores, de empreendedores e empres\u00e1rios, dos trabalhadores do setor cultural em geral e de todos que queiram contribuir para o fortalecimento da pol\u00edtica cultural de Contagem.<\/p>\n<p>As inscri\u00e7\u00f5es para as pr\u00e9-confer\u00eancias est\u00e3o abertas at\u00e9 o dia 27 de junho. Elas acontecem no dia 30 de junho (domingo), das 8h \u00e0s 12h, nas escolas municipais S\u00f3crates Mariani Bittencourt (Eldorado); Heitor Villa Lobos (Industrial\/Riacho); Gl\u00f3ria Marques Diniz (Nacional\/Ressaca); Ana Guedes Vieira (Vargem das Flores) e Ely Horta Costa (Central Park).<\/p>\n<p><strong>Locais para inscri\u00e7\u00f5es das pr\u00e9-confer\u00eancias:<\/strong><\/p>\n<p>Regional Eldorado (avenida Jo\u00e3o C\u00e9sar de Oliveira, 3.481\/1\u00ba andar, Eldorado);<\/p>\n<p>Regional Industrial (rua Ester Franzen de Lima, 171, Industrial);<\/p>\n<p>Regional Nacional (rua Quintino Bocai\u00fava, 448, Nacional);<\/p>\n<p>Regional Petrol\u00e2ndia (rua Refinaria Gabriel Passos, 20, Petrol\u00e2ndia);<\/p>\n<p>Regional Ressaca (rua Rodrigues da Cunha, 430, S\u00e3o Joaquim);<\/p>\n<p>Regional Riacho (rua Rio Verde, 422, Riacho das Pedras);<\/p>\n<p>Regional Sede (rua Manoel de Matos, 126, Central Park);<\/p>\n<p>Regional Vargem das Flores (rua VC 2, 29, Nova Contagem);<\/p>\n<p>Centro Cultural\/Casa Amarela (rua Dr. Cassiano, 120, Centro).<\/p>\n<p><em>Fonte: Prefeitura Contagem<\/em><\/p>\n","protected":false},"excerpt":{"rendered":"<p>A Funda\u00e7\u00e3o Cultural de Contagem (Fundac) promove, nos dias 5 e 6 de julho, a 2\u00aa Confer\u00eancia Municipal de Cultura, que estar\u00e1 alinhada com as diretrizes do Sistema Nacional de Cultura e com os temas da 3\u00aa Confer\u00eancia Nacional de Cultura. O objetivo \u00e9 promover a implementa\u00e7\u00e3o do Sistema Municipal de Cultura; a produ\u00e7\u00e3o simb\u00f3lica [&hellip;]<\/p>\n","protected":false},"author":1,"featured_media":0,"comment_status":"open","ping_status":"open","sticky":false,"template":"","format":"standard","meta":{"footnotes":""},"categories":[6],"tags":[],"class_list":["post-479","post","type-post","status-publish","format-standard","hentry","category-noticias"],"_links":{"self":[{"href":"https:\/\/www.encontracontagem.com.br\/noticias\/wp-json\/wp\/v2\/posts\/479","targetHints":{"allow":["GET"]}}],"collection":[{"href":"https:\/\/www.encontracontagem.com.br\/noticias\/wp-json\/wp\/v2\/posts"}],"about":[{"href":"https:\/\/www.encontracontagem.com.br\/noticias\/wp-json\/wp\/v2\/types\/post"}],"author":[{"embeddable":true,"href":"https:\/\/www.encontracontagem.com.br\/noticias\/wp-json\/wp\/v2\/users\/1"}],"replies":[{"embeddable":true,"href":"https:\/\/www.encontracontagem.com.br\/noticias\/wp-json\/wp\/v2\/comments?post=479"}],"version-history":[{"count":1,"href":"https:\/\/www.encontracontagem.com.br\/noticias\/wp-json\/wp\/v2\/posts\/479\/revisions"}],"predecessor-version":[{"id":480,"href":"https:\/\/www.encontracontagem.com.br\/noticias\/wp-json\/wp\/v2\/posts\/479\/revisions\/480"}],"wp:attachment":[{"href":"https:\/\/www.encontracontagem.com.br\/noticias\/wp-json\/wp\/v2\/media?parent=479"}],"wp:term":[{"taxonomy":"category","embeddable":true,"href":"https:\/\/www.encontracontagem.com.br\/noticias\/wp-json\/wp\/v2\/categories?post=479"},{"taxonomy":"post_tag","embeddable":true,"href":"https:\/\/www.encontracontagem.com.br\/noticias\/wp-json\/wp\/v2\/tags?post=479"}],"curies":[{"name":"wp","href":"https:\/\/api.w.org\/{rel}","templated":true}]}}