{"id":473,"date":"2013-06-20T18:06:31","date_gmt":"2013-06-20T18:06:31","guid":{"rendered":"http:\/\/www.encontracontagem.com.br\/noticias\/?p=473"},"modified":"2013-06-20T18:06:31","modified_gmt":"2013-06-20T18:06:31","slug":"manifestantes-fazem-protesto-pacifico-em-contagem","status":"publish","type":"post","link":"https:\/\/www.encontracontagem.com.br\/noticias\/manifestantes-fazem-protesto-pacifico-em-contagem\/","title":{"rendered":"Manifestantes fazem protesto pac\u00edfico em Contagem"},"content":{"rendered":"<p>No in\u00edcio da noite desta quarta-feira (19), cerca de 300 pessoas participaram de uma manifesta\u00e7\u00e3o pac\u00edfica no centro de Contagem, na regi\u00e3o metropolitana de Belo Horizonte.<\/p>\n<p>O grupo, formado por muitos alunos da rede p\u00fablica da regi\u00e3o e adolescentes,\u00a0 se concentrou em frente ao F\u00f3rum de Contagem, na pra\u00e7a Tiradentes, com cartazes com dizeres como \u201cO gigante acordou\u201d e \u201cAbaixo a corrup\u00e7\u00e3o\u201d.<\/p>\n<p>Viaturas da pol\u00edcia militar acompanharam os manifestantes e n\u00e3o foram registradas ocorr\u00eancias.<\/p>\n<p>De acordo com informa\u00e7\u00f5es da Transcon, o protesto seguiu para a porta da prefeitura da cidade, localizada na pra\u00e7a Presidente Tancredo Neves, no bairro Camilo Alves.<\/p>\n<p><em>Fonte: O Tempo<\/em><\/p>\n","protected":false},"excerpt":{"rendered":"<p>No in\u00edcio da noite desta quarta-feira (19), cerca de 300 pessoas participaram de uma manifesta\u00e7\u00e3o pac\u00edfica no centro de Contagem, na regi\u00e3o metropolitana de Belo Horizonte. O grupo, formado por muitos alunos da rede p\u00fablica da regi\u00e3o e adolescentes,\u00a0 se concentrou em frente ao F\u00f3rum de Contagem, na pra\u00e7a Tiradentes, com cartazes com dizeres como [&hellip;]<\/p>\n","protected":false},"author":1,"featured_media":0,"comment_status":"open","ping_status":"open","sticky":false,"template":"","format":"standard","meta":{"footnotes":""},"categories":[6],"tags":[],"class_list":["post-473","post","type-post","status-publish","format-standard","hentry","category-noticias"],"_links":{"self":[{"href":"https:\/\/www.encontracontagem.com.br\/noticias\/wp-json\/wp\/v2\/posts\/473","targetHints":{"allow":["GET"]}}],"collection":[{"href":"https:\/\/www.encontracontagem.com.br\/noticias\/wp-json\/wp\/v2\/posts"}],"about":[{"href":"https:\/\/www.encontracontagem.com.br\/noticias\/wp-json\/wp\/v2\/types\/post"}],"author":[{"embeddable":true,"href":"https:\/\/www.encontracontagem.com.br\/noticias\/wp-json\/wp\/v2\/users\/1"}],"replies":[{"embeddable":true,"href":"https:\/\/www.encontracontagem.com.br\/noticias\/wp-json\/wp\/v2\/comments?post=473"}],"version-history":[{"count":1,"href":"https:\/\/www.encontracontagem.com.br\/noticias\/wp-json\/wp\/v2\/posts\/473\/revisions"}],"predecessor-version":[{"id":474,"href":"https:\/\/www.encontracontagem.com.br\/noticias\/wp-json\/wp\/v2\/posts\/473\/revisions\/474"}],"wp:attachment":[{"href":"https:\/\/www.encontracontagem.com.br\/noticias\/wp-json\/wp\/v2\/media?parent=473"}],"wp:term":[{"taxonomy":"category","embeddable":true,"href":"https:\/\/www.encontracontagem.com.br\/noticias\/wp-json\/wp\/v2\/categories?post=473"},{"taxonomy":"post_tag","embeddable":true,"href":"https:\/\/www.encontracontagem.com.br\/noticias\/wp-json\/wp\/v2\/tags?post=473"}],"curies":[{"name":"wp","href":"https:\/\/api.w.org\/{rel}","templated":true}]}}