{"id":470,"date":"2013-06-17T17:48:06","date_gmt":"2013-06-17T17:48:06","guid":{"rendered":"http:\/\/www.encontracontagem.com.br\/noticias\/?p=470"},"modified":"2013-06-17T17:48:06","modified_gmt":"2013-06-17T17:48:06","slug":"contagem-adere-ao-programa-crack-e-possivel-vencer","status":"publish","type":"post","link":"https:\/\/www.encontracontagem.com.br\/noticias\/contagem-adere-ao-programa-crack-e-possivel-vencer\/","title":{"rendered":"Contagem adere ao Programa Crack, \u00e9 poss\u00edvel vencer"},"content":{"rendered":"<p>Contagem aderiu ao programa do Minist\u00e9rio da Justi\u00e7a &#8220;Crack, \u00e9 poss\u00edvel vencer&#8221;, durante cerim\u00f4nia realizada na sexta-feira (14\/6), na Assembleia Legislativa, junto a mais nove munic\u00edpios mineiros. Ser\u00e3o investidos R$476 milh\u00f5es at\u00e9 2014 para fortalecer a seguran\u00e7a p\u00fablica e os atendimentos em sa\u00fade e assist\u00eancia social voltados ao cuidado e tratamento de dependentes da droga. Al\u00e9m de Contagem, assinaram os termos as cidades de Betim, Ribeir\u00e3o das Neves, Sete Lagoas, Governador Valadares, Juiz de Fora, Ipatinga, Uberaba, Uberl\u00e2ndia e Montes Claros. O Estado de Minas Gerais e Belo Horizonte est\u00e3o no programa desde junho de 2012.<\/p>\n<p>Representando os munic\u00edpios, o prefeito de Contagem, Carlin Moura, ressaltou que a ades\u00e3o representa uma a\u00e7\u00e3o da mesma grandeza que o problema merece ser enfrentado. &#8220;As drogas, principalmente o crack, est\u00e3o fazendo os jovens de v\u00edtimas e pode ser considerado o mal do mil\u00eanio. Com a\u00e7\u00f5es concretas que envolvem a preven\u00e7\u00e3o, a sa\u00fade e a assist\u00eancia social, e com a uni\u00e3o de todos, venceremos a guerra contra o crack&#8221;, disse.<\/p>\n<p>A coordenadora do programa e secret\u00e1ria Nacional de Seguran\u00e7a P\u00fablica, Regina Miki, destacou que a assinatura do conv\u00eanio, al\u00e9m de concretizar o que foi idealizado pelo governo federal, \u00e9 um benef\u00edcio para o usu\u00e1rio e suas fam\u00edlias que tanto necessitam de atendimento. Ela explicou que a nova formata\u00e7\u00e3o do programa mudou a cultura de que o dependente deve ser tratado como problema de seguran\u00e7a, mas sim como de sa\u00fade p\u00fablica. &#8220;A pol\u00edtica do encarceramento foi trabalhada de forma equivocada. O usu\u00e1rio deve ser levado para a \u00e1rea de sa\u00fade e assist\u00eancia. Temos que ter a humildade para corrigir a pol\u00edtica p\u00fablica e tenho a convic\u00e7\u00e3o de que, fazendo desta nova forma, vamos acertar&#8221;, afirmou.<\/p>\n<p>Segundo o secret\u00e1rio Nacional de Pol\u00edticas contra as Drogas, Vitore Maximiano, desde 2006, com a mudan\u00e7a dos valores na pol\u00edtica contra as drogas, de que o usu\u00e1rio precisa de atendimento e reinser\u00e7\u00e3o social, o que cabe ao governo federal \u00e9 a amplia\u00e7\u00e3o da rede de aten\u00e7\u00e3o, preven\u00e7\u00e3o e tratamento. &#8220;As a\u00e7\u00f5es devem ser compartilhadas com a defesa social, o que nos motiva a fazer um pacto nacional contra as drogas&#8221;, acrescentou.<\/p>\n<p><strong>&#8220;Crack, \u00e9 poss\u00edvel vencer&#8221;<\/strong><\/p>\n<p>De acordo com informa\u00e7\u00f5es do governo federal, o Minist\u00e9rio da Justi\u00e7a, por meio da Secretaria Nacional de Seguran\u00e7a P\u00fablica (Senasp), entregar\u00e1 13 bases m\u00f3veis aos munic\u00edpios para refor\u00e7ar o policiamento ostensivo nas \u00e1reas de concentra\u00e7\u00e3o de uso de drogas. Para a seguran\u00e7a p\u00fablica, ser\u00e3o destinados R$ 25,5 milh\u00f5es \u00e0s cidades. O Minist\u00e9rio da Sa\u00fade investir\u00e1 em a\u00e7\u00f5es de tratamento aos dependentes qu\u00edmicos, com a possibilidade de cria\u00e7\u00e3o de novos leitos para atendimento e Centros de Aten\u00e7\u00e3o Psicossocial, \u00c1lcool e Drogas para atendimento 24 h. Para as a\u00e7\u00f5es de assist\u00eancia social, o Minist\u00e9rio do Desenvolvimento Social e Combate \u00e0 Fome fortalecer\u00e1 o Servi\u00e7o Especializado de Abordagem Social.<\/p>\n<p>Em Contagem, est\u00e1 prevista a entrega de duas bases m\u00f3veis para atuar na regi\u00e3o do Industrial e em Nova Contagem, de acordo com informa\u00e7\u00f5es do secret\u00e1rio de Defesa Social do munic\u00edpio, Jos\u00e9 Rodrigues. Na \u00e1rea da Sa\u00fade, a primeira meta \u00e9 implantar, at\u00e9 o final do ano, o Centro de Aten\u00e7\u00e3o Psicossocial \u00c1lcool e Drogas (CAPS AD) com atendimento 24 h. Segundo o secret\u00e1rio de Sa\u00fade, Ricardo Faria, &#8220;o programa envolve in\u00fameras a\u00e7\u00f5es a serem implementadas na rede de atendimento e o importante \u00e9 que as verbas repassadas permitir\u00e3o a constru\u00e7\u00e3o de equipamentos, n\u00e3o somente o custeio do servi\u00e7o&#8221;, acrescentou.<\/p>\n<p><em>Fonte: Prefeitura Contagem<\/em><\/p>\n","protected":false},"excerpt":{"rendered":"<p>Contagem aderiu ao programa do Minist\u00e9rio da Justi\u00e7a &#8220;Crack, \u00e9 poss\u00edvel vencer&#8221;, durante cerim\u00f4nia realizada na sexta-feira (14\/6), na Assembleia Legislativa, junto a mais nove munic\u00edpios mineiros. Ser\u00e3o investidos R$476 milh\u00f5es at\u00e9 2014 para fortalecer a seguran\u00e7a p\u00fablica e os atendimentos em sa\u00fade e assist\u00eancia social voltados ao cuidado e tratamento de dependentes da droga. [&hellip;]<\/p>\n","protected":false},"author":1,"featured_media":0,"comment_status":"open","ping_status":"open","sticky":false,"template":"","format":"standard","meta":{"footnotes":""},"categories":[6],"tags":[],"class_list":["post-470","post","type-post","status-publish","format-standard","hentry","category-noticias"],"_links":{"self":[{"href":"https:\/\/www.encontracontagem.com.br\/noticias\/wp-json\/wp\/v2\/posts\/470","targetHints":{"allow":["GET"]}}],"collection":[{"href":"https:\/\/www.encontracontagem.com.br\/noticias\/wp-json\/wp\/v2\/posts"}],"about":[{"href":"https:\/\/www.encontracontagem.com.br\/noticias\/wp-json\/wp\/v2\/types\/post"}],"author":[{"embeddable":true,"href":"https:\/\/www.encontracontagem.com.br\/noticias\/wp-json\/wp\/v2\/users\/1"}],"replies":[{"embeddable":true,"href":"https:\/\/www.encontracontagem.com.br\/noticias\/wp-json\/wp\/v2\/comments?post=470"}],"version-history":[{"count":1,"href":"https:\/\/www.encontracontagem.com.br\/noticias\/wp-json\/wp\/v2\/posts\/470\/revisions"}],"predecessor-version":[{"id":471,"href":"https:\/\/www.encontracontagem.com.br\/noticias\/wp-json\/wp\/v2\/posts\/470\/revisions\/471"}],"wp:attachment":[{"href":"https:\/\/www.encontracontagem.com.br\/noticias\/wp-json\/wp\/v2\/media?parent=470"}],"wp:term":[{"taxonomy":"category","embeddable":true,"href":"https:\/\/www.encontracontagem.com.br\/noticias\/wp-json\/wp\/v2\/categories?post=470"},{"taxonomy":"post_tag","embeddable":true,"href":"https:\/\/www.encontracontagem.com.br\/noticias\/wp-json\/wp\/v2\/tags?post=470"}],"curies":[{"name":"wp","href":"https:\/\/api.w.org\/{rel}","templated":true}]}}