{"id":464,"date":"2013-06-13T14:37:00","date_gmt":"2013-06-13T14:37:00","guid":{"rendered":"http:\/\/www.encontracontagem.com.br\/noticias\/?p=464"},"modified":"2013-06-13T14:37:00","modified_gmt":"2013-06-13T14:37:00","slug":"funec-adere-ao-pronatec-e-podera-ofertar-novos-cursos-em-contagem","status":"publish","type":"post","link":"https:\/\/www.encontracontagem.com.br\/noticias\/funec-adere-ao-pronatec-e-podera-ofertar-novos-cursos-em-contagem\/","title":{"rendered":"Funec adere ao Pronatec e poder\u00e1 ofertar novos cursos em Contagem"},"content":{"rendered":"<p>Para ampliar os projetos de educa\u00e7\u00e3o profissional e tecnol\u00f3gica gratuita na cidade, a Funda\u00e7\u00e3o de Ensino de Contagem (Funec), aderiu ao Programa Nacional de Acesso ao Ensino T\u00e9cnico e Emprego (Pronatec). O termo de ades\u00e3o ao programa foi firmado, no in\u00edcio deste m\u00eas, no Minist\u00e9rio da Educa\u00e7\u00e3o (MEC), em Bras\u00edlia. A Funec \u00e9 a segunda funda\u00e7\u00e3o municipal do Brasil a aderir ao Pronatec.<\/p>\n<p>Por meio do programa, a funda\u00e7\u00e3o receber\u00e1 recursos do governo federal para ofertar cursos de educa\u00e7\u00e3o profissional t\u00e9cnica de n\u00edvel m\u00e9dio, cursos de forma\u00e7\u00e3o inicial e continuada e programas de educa\u00e7\u00e3o de jovens e adultos. O Pronatec ir\u00e1 beneficiar estudantes, trabalhadores diversos, pessoas com defici\u00eancia e cadastrados nos programas federais de transfer\u00eancia de renda.<\/p>\n<p>Segundo o presidente da Funec, professor Ramon, a ades\u00e3o ao Pronatec visa dar suporte as a\u00e7\u00f5es de desenvolvimento econ\u00f4mico, da Prefeitura de Contagem. &#8220;A prefeitura tem unido esfor\u00e7os para o desenvolvimento econ\u00f4mico da cidade, al\u00e9m da atra\u00e7\u00e3o de empresas, h\u00e1 obras para garantir a melhoria da mobilidade urbana. A ades\u00e3o ao Pronatec vem de encontro a esse eixo de atua\u00e7\u00e3o do governo, pois \u00e9 preciso qualificar profissionais para suprir as demandas do mercado&#8221;, destacou.<\/p>\n<p>Os cursos ser\u00e3o abertos de acordo com a demanda das secretarias municipais, estaduais, minist\u00e9rios e outros \u00f3rg\u00e3os. A diretoria de educa\u00e7\u00e3o profissional da Funec ser\u00e1 respons\u00e1vel por apresentar o programa para os poss\u00edveis demandantes e estabelecer parcerias.<\/p>\n<p>A diretora de Educa\u00e7\u00e3o Profissional, Patr\u00edcia Mour\u00e3o, destaca que a ades\u00e3o ir\u00e1 possibilitar a abertura de novos cursos, antes restritos ao Sistema S, composto por 11 institui\u00e7\u00f5es. &#8220;H\u00e1 pouco tempo, apenas o sistema S, formado por institui\u00e7\u00f5es como o Sesi e o Senai, tinham a possibilidade de ofertar os cursos do Pronatec. A Funec \u00e9 a segunda funda\u00e7\u00e3o municipal a se tornar ofertante do programa. Isso nos abre um grande leque de possibilidades para, por meio de parcerias, abrirmos cursos t\u00e9cnicos e de qualifica\u00e7\u00e3o profissional&#8221;, salientou.<\/p>\n<p><strong>Possibilidades de expans\u00e3o do programa<\/strong><\/p>\n<p>Por meio do programa, poder\u00e3o ser abertos cursos t\u00e9cnicos do Cat\u00e1logo Nacional de Cursos T\u00e9cnicos (CNCT), sendo 220 cursos, distribu\u00eddos em 13 eixos tecnol\u00f3gicos. Os cursos poder\u00e3o ser integrados ao ensino m\u00e9dio, subsequentes ou concomitantes. Outra modalidade que poder\u00e1 ser ofertada \u00e9 o Bolsa-Forma\u00e7\u00e3o Trabalhador, que tem como objetivo disponibilizar cursos de Forma\u00e7\u00e3o Inicial e Continuada (FIC), com dura\u00e7\u00e3o m\u00ednima de 200 horas. O Bolsa-Forma\u00e7\u00e3o Trabalhador tem 518 op\u00e7\u00f5es de cursos, distribu\u00eddos em 13 eixos tecnol\u00f3gicos.<\/p>\n<p>Outra possibilidade do programa que poder\u00e1 ser oferecida pela Funec \u00e9 o Programa Nacional de Integra\u00e7\u00e3o da Educa\u00e7\u00e3o Profissional com a Educa\u00e7\u00e3o B\u00e1sica na Modalidade de Educa\u00e7\u00e3o de Jovens e Adultos (PROEJA)) e a Educa\u00e7\u00e3o de Jovens e Adultos (EJA).<\/p>\n<p>Mais informa\u00e7\u00f5es na Diretoria de Educa\u00e7\u00e3o Profissional da Funec, pelo telefone (31) 3391-4553.<\/p>\n<p><em>Fonte: Prefeitura Contagem<\/em><\/p>\n","protected":false},"excerpt":{"rendered":"<p>Para ampliar os projetos de educa\u00e7\u00e3o profissional e tecnol\u00f3gica gratuita na cidade, a Funda\u00e7\u00e3o de Ensino de Contagem (Funec), aderiu ao Programa Nacional de Acesso ao Ensino T\u00e9cnico e Emprego (Pronatec). O termo de ades\u00e3o ao programa foi firmado, no in\u00edcio deste m\u00eas, no Minist\u00e9rio da Educa\u00e7\u00e3o (MEC), em Bras\u00edlia. A Funec \u00e9 a segunda [&hellip;]<\/p>\n","protected":false},"author":1,"featured_media":0,"comment_status":"open","ping_status":"open","sticky":false,"template":"","format":"standard","meta":{"footnotes":""},"categories":[6],"tags":[],"class_list":["post-464","post","type-post","status-publish","format-standard","hentry","category-noticias"],"_links":{"self":[{"href":"https:\/\/www.encontracontagem.com.br\/noticias\/wp-json\/wp\/v2\/posts\/464","targetHints":{"allow":["GET"]}}],"collection":[{"href":"https:\/\/www.encontracontagem.com.br\/noticias\/wp-json\/wp\/v2\/posts"}],"about":[{"href":"https:\/\/www.encontracontagem.com.br\/noticias\/wp-json\/wp\/v2\/types\/post"}],"author":[{"embeddable":true,"href":"https:\/\/www.encontracontagem.com.br\/noticias\/wp-json\/wp\/v2\/users\/1"}],"replies":[{"embeddable":true,"href":"https:\/\/www.encontracontagem.com.br\/noticias\/wp-json\/wp\/v2\/comments?post=464"}],"version-history":[{"count":1,"href":"https:\/\/www.encontracontagem.com.br\/noticias\/wp-json\/wp\/v2\/posts\/464\/revisions"}],"predecessor-version":[{"id":465,"href":"https:\/\/www.encontracontagem.com.br\/noticias\/wp-json\/wp\/v2\/posts\/464\/revisions\/465"}],"wp:attachment":[{"href":"https:\/\/www.encontracontagem.com.br\/noticias\/wp-json\/wp\/v2\/media?parent=464"}],"wp:term":[{"taxonomy":"category","embeddable":true,"href":"https:\/\/www.encontracontagem.com.br\/noticias\/wp-json\/wp\/v2\/categories?post=464"},{"taxonomy":"post_tag","embeddable":true,"href":"https:\/\/www.encontracontagem.com.br\/noticias\/wp-json\/wp\/v2\/tags?post=464"}],"curies":[{"name":"wp","href":"https:\/\/api.w.org\/{rel}","templated":true}]}}