{"id":458,"date":"2013-06-04T17:47:17","date_gmt":"2013-06-04T17:47:17","guid":{"rendered":"http:\/\/www.encontracontagem.com.br\/noticias\/?p=458"},"modified":"2013-08-19T12:06:17","modified_gmt":"2013-08-19T12:06:17","slug":"contagem-encontro-capacita-grupos-para-pre-conferencia","status":"publish","type":"post","link":"https:\/\/www.encontracontagem.com.br\/noticias\/contagem-encontro-capacita-grupos-para-pre-conferencia\/","title":{"rendered":"Contagem: Encontro capacita grupos para pr\u00e9-confer\u00eancia"},"content":{"rendered":"<p>Com o objetivo de capacitar os facilitadores de grupos para as pr\u00e9-confer\u00eancias municipais de assist\u00eancia social foi realizado nesta sexta-feira (29\/05), no audit\u00f3rio da <a title=\"Prefeitura de Contagem\" href=\"http:\/\/www.encontracontagem.com.br\/contagem\/prefeitura-municipal-de-contagem.shtml\" target=\"_blank\">Prefeitura de Contagem<\/a>, um encontro preparat\u00f3rio. A reuni\u00e3o serviu para discutir temas, objetivos, eixos tem\u00e1ticos e as din\u00e2micas dos grupos da 9\u00aa Confer\u00eancia Municipal da Assist\u00eancia Social, que tem como tema: &#8220;A Gest\u00e3o e o Financiamento na efetiva\u00e7\u00e3o do Sistema \u00danico de Assist\u00eancia Social (Suas)&#8221;.<\/p>\n<p>O p\u00fablico participante da capacita\u00e7\u00e3o foi composto, em sua maioria, por t\u00e9cnicos do desenvolvimento social e conselheiros municipais de assist\u00eancia. Segundo a coordenadora de Assist\u00eancia Social, Gl\u00e1ucia Lucas, essa etapa \u00e9 de extrema import\u00e2ncia para uma apropria\u00e7\u00e3o do tema, j\u00e1 que essas pessoas v\u00e3o conduzir os trabalhos na cidade de Contagem nas pr\u00e9-confer\u00eancias que come\u00e7am no pr\u00f3ximo dia 04 de junho e v\u00e3o at\u00e9 dia 02 de julho, passando por cada regional de Contagem. &#8220;A capacita\u00e7\u00e3o serve para fomentar os debates, pois, a confer\u00eancia tem foco de pensar a pol\u00edtica de assist\u00eancia num \u00e2mbito maior, voltada para participa\u00e7\u00e3o popular e para o controle social&#8221;, afirmou.<\/p>\n<p>O Suas \u00e9 um sistema p\u00fablico que organiza, de forma descentralizada, os servi\u00e7os s\u00f3cio assistenciais no Brasil. Com um modelo de gest\u00e3o participativa, ele articula os esfor\u00e7os e recursos dos tr\u00eas n\u00edveis de governo para a execu\u00e7\u00e3o e o financiamento da Pol\u00edtica Nacional de Assist\u00eancia Social (Pnas), envolvendo diretamente as estruturas e marcos regulat\u00f3rios nacionais, estaduais, municipais e do Distrito Federal.<\/p>\n<p><em>Fonte: Prefeitura Contagem<\/em><\/p>\n","protected":false},"excerpt":{"rendered":"<p>Com o objetivo de capacitar os facilitadores de grupos para as pr\u00e9-confer\u00eancias municipais de assist\u00eancia social foi realizado nesta sexta-feira (29\/05), no audit\u00f3rio da Prefeitura de Contagem, um encontro preparat\u00f3rio. A reuni\u00e3o serviu para discutir temas, objetivos, eixos tem\u00e1ticos e as din\u00e2micas dos grupos da 9\u00aa Confer\u00eancia Municipal da Assist\u00eancia Social, que tem como tema: [&hellip;]<\/p>\n","protected":false},"author":1,"featured_media":0,"comment_status":"open","ping_status":"open","sticky":false,"template":"","format":"standard","meta":{"footnotes":""},"categories":[6],"tags":[],"class_list":["post-458","post","type-post","status-publish","format-standard","hentry","category-noticias"],"_links":{"self":[{"href":"https:\/\/www.encontracontagem.com.br\/noticias\/wp-json\/wp\/v2\/posts\/458","targetHints":{"allow":["GET"]}}],"collection":[{"href":"https:\/\/www.encontracontagem.com.br\/noticias\/wp-json\/wp\/v2\/posts"}],"about":[{"href":"https:\/\/www.encontracontagem.com.br\/noticias\/wp-json\/wp\/v2\/types\/post"}],"author":[{"embeddable":true,"href":"https:\/\/www.encontracontagem.com.br\/noticias\/wp-json\/wp\/v2\/users\/1"}],"replies":[{"embeddable":true,"href":"https:\/\/www.encontracontagem.com.br\/noticias\/wp-json\/wp\/v2\/comments?post=458"}],"version-history":[{"count":3,"href":"https:\/\/www.encontracontagem.com.br\/noticias\/wp-json\/wp\/v2\/posts\/458\/revisions"}],"predecessor-version":[{"id":720,"href":"https:\/\/www.encontracontagem.com.br\/noticias\/wp-json\/wp\/v2\/posts\/458\/revisions\/720"}],"wp:attachment":[{"href":"https:\/\/www.encontracontagem.com.br\/noticias\/wp-json\/wp\/v2\/media?parent=458"}],"wp:term":[{"taxonomy":"category","embeddable":true,"href":"https:\/\/www.encontracontagem.com.br\/noticias\/wp-json\/wp\/v2\/categories?post=458"},{"taxonomy":"post_tag","embeddable":true,"href":"https:\/\/www.encontracontagem.com.br\/noticias\/wp-json\/wp\/v2\/tags?post=458"}],"curies":[{"name":"wp","href":"https:\/\/api.w.org\/{rel}","templated":true}]}}