{"id":451,"date":"2013-05-29T00:21:12","date_gmt":"2013-05-29T00:21:12","guid":{"rendered":"http:\/\/www.encontracontagem.com.br\/noticias\/?p=451"},"modified":"2013-08-19T12:06:17","modified_gmt":"2013-08-19T12:06:17","slug":"contagem-transcon-altera-circulacao-de-onibus-no-terminal-eldorado","status":"publish","type":"post","link":"https:\/\/www.encontracontagem.com.br\/noticias\/contagem-transcon-altera-circulacao-de-onibus-no-terminal-eldorado\/","title":{"rendered":"Contagem: Transcon altera circula\u00e7\u00e3o de \u00f4nibus no terminal Eldorado"},"content":{"rendered":"<p>Na pr\u00f3xima quinta-feira (30\/5), feriado de Corpus Christi, as linhas de \u00f4nibus gerenciadas pela Transcon e pelo DER\/MG que trafegam no Terminal Eldorado passar\u00e3o por mudan\u00e7as nos locais de paradas. As linhas ser\u00e3o redistribu\u00eddas entre as plataformas para facilitar o acesso dos usu\u00e1rios ao terminal. A mudan\u00e7a na cidade de Contagem faz parte de conv\u00eanio entre Transcon, DER\/MG, CBTU e Sintran para facilitar a mobilidade dos usu\u00e1rios do transporte coletivo que utilizam o terminal.<\/p>\n<p>Com a libera\u00e7\u00e3o da plataforma B, fechada h\u00e1 um ano para reforma no terminal, todas as plataformas ter\u00e3o suas linhas redistribu\u00eddas para que a parada dos \u00f4nibus seja mais \u00e1gil e as informa\u00e7\u00f5es de embarque de passageiros sejam de f\u00e1cil identifica\u00e7\u00e3o. A partir dessa mudan\u00e7a cada plataforma ter\u00e1 parada direcionada por regi\u00e3o ou cidade:<\/p>\n<p>Plataforma A &#8211; passageiros em dire\u00e7\u00e3o \u00e0 BR-262, BR-381 e Betim.<br \/>\nPlataforma B &#8211; Cidade Belo Horizonte, Ribeir\u00e3o das Neves e Contagem.<br \/>\nPlataforma C &#8211; Ibirit\u00e9, Sarzedo e M\u00e1rio Campos.<br \/>\nPlataforma D &#8211; Esmeraldas.<\/p>\n<p>Os usu\u00e1rios ser\u00e3o previamente informados sobre as altera\u00e7\u00f5es, por orientadores que estar\u00e3o nas plataformas.<\/p>\n<p><strong>Como funciona o metr\u00f4<\/strong><\/p>\n<p>O metr\u00f4 \u00e9 formado pela Linha 1, que percorre a capital mineira de oeste a norte, sendo que a \u00fanica esta\u00e7\u00e3o fora da cidade de Belo Horizonte est\u00e1 em Contagem. Trata-se da esta\u00e7\u00e3o Eldorado que permite a integra\u00e7\u00e3o com o terminal de mesmo nome e com o terminal aberto da rua Jequitib\u00e1s. O sistema possui velocidade m\u00e9dia, contando o tempo com os trens parados, de 38 km\/h e a velocidade m\u00e1xima de 80 km\/h. O intervalo nos hor\u00e1rios de pico dos dias \u00fateis \u00e9 de 4 minutos e o m\u00e1ximo de 10 minutos, com 24 trens em opera\u00e7\u00e3o. Diariamente, cerca de 215 mil pessoas utilizam o metr\u00f4, sendo atualmente o quarto maior sistema operante no Brasil. J\u00e1 as linhas da Transcon que integram e alimentam este sistema transportam cerca de 120 mil pessoas por dia.<\/p>\n<p><em>Fonte: Prefeitura Contagem<\/em><\/p>\n","protected":false},"excerpt":{"rendered":"<p>Na pr\u00f3xima quinta-feira (30\/5), feriado de Corpus Christi, as linhas de \u00f4nibus gerenciadas pela Transcon e pelo DER\/MG que trafegam no Terminal Eldorado passar\u00e3o por mudan\u00e7as nos locais de paradas. As linhas ser\u00e3o redistribu\u00eddas entre as plataformas para facilitar o acesso dos usu\u00e1rios ao terminal. A mudan\u00e7a na cidade de Contagem faz parte de conv\u00eanio [&hellip;]<\/p>\n","protected":false},"author":1,"featured_media":0,"comment_status":"open","ping_status":"open","sticky":false,"template":"","format":"standard","meta":{"footnotes":""},"categories":[6],"tags":[],"class_list":["post-451","post","type-post","status-publish","format-standard","hentry","category-noticias"],"_links":{"self":[{"href":"https:\/\/www.encontracontagem.com.br\/noticias\/wp-json\/wp\/v2\/posts\/451","targetHints":{"allow":["GET"]}}],"collection":[{"href":"https:\/\/www.encontracontagem.com.br\/noticias\/wp-json\/wp\/v2\/posts"}],"about":[{"href":"https:\/\/www.encontracontagem.com.br\/noticias\/wp-json\/wp\/v2\/types\/post"}],"author":[{"embeddable":true,"href":"https:\/\/www.encontracontagem.com.br\/noticias\/wp-json\/wp\/v2\/users\/1"}],"replies":[{"embeddable":true,"href":"https:\/\/www.encontracontagem.com.br\/noticias\/wp-json\/wp\/v2\/comments?post=451"}],"version-history":[{"count":3,"href":"https:\/\/www.encontracontagem.com.br\/noticias\/wp-json\/wp\/v2\/posts\/451\/revisions"}],"predecessor-version":[{"id":718,"href":"https:\/\/www.encontracontagem.com.br\/noticias\/wp-json\/wp\/v2\/posts\/451\/revisions\/718"}],"wp:attachment":[{"href":"https:\/\/www.encontracontagem.com.br\/noticias\/wp-json\/wp\/v2\/media?parent=451"}],"wp:term":[{"taxonomy":"category","embeddable":true,"href":"https:\/\/www.encontracontagem.com.br\/noticias\/wp-json\/wp\/v2\/categories?post=451"},{"taxonomy":"post_tag","embeddable":true,"href":"https:\/\/www.encontracontagem.com.br\/noticias\/wp-json\/wp\/v2\/tags?post=451"}],"curies":[{"name":"wp","href":"https:\/\/api.w.org\/{rel}","templated":true}]}}