{"id":449,"date":"2013-05-28T18:21:02","date_gmt":"2013-05-28T18:21:02","guid":{"rendered":"http:\/\/www.encontracontagem.com.br\/noticias\/?p=449"},"modified":"2013-08-19T12:06:16","modified_gmt":"2013-08-19T12:06:16","slug":"prefeitura-de-contagem-garante-30h-para-a-educacao-e-piso-nacional-para-agentes-de-saude","status":"publish","type":"post","link":"https:\/\/www.encontracontagem.com.br\/noticias\/prefeitura-de-contagem-garante-30h-para-a-educacao-e-piso-nacional-para-agentes-de-saude\/","title":{"rendered":"Prefeitura de Contagem garante 30h para a Educa\u00e7\u00e3o e piso nacional para agentes de Sa\u00fade"},"content":{"rendered":"<p>A <a title=\"Prefeitura de Contagem\" href=\"http:\/\/www.encontracontagem.com.br\/contagem\/prefeitura-municipal-de-contagem.shtml\" target=\"_blank\">Prefeitura de Contagem<\/a> protocolou na <a title=\"C\u00e2mara Municipal de Contagem\" href=\"http:\/\/www.encontracontagem.com.br\/contagem\/camara-municipal-de-contagem.shtml\" target=\"_blank\">C\u00e2mara Municipal de Contagem<\/a>, nesta segunda-feira (27\/5), o Projeto de Lei Complementar 003\/2013, que altera para 30 h a jornada de trabalho dos servidores p\u00fablicos ocupantes dos cargos administrativos da Educa\u00e7\u00e3o e da Funda\u00e7\u00e3o de Ensino de Contagem (Funec). A prefeitura entregou, ainda, o Projeto de Lei Complementar que determina o pagamento do piso nacional salarial para os agentes comunit\u00e1rios de sa\u00fade e de endemias. O sal\u00e1rio, que era de R$ 691,80, passar\u00e1 para R$ 950,00 e, somados a outros benef\u00edcios, totalizar\u00e1 R$ 1085,60, al\u00e9m do vale-refei\u00e7\u00e3o de R$ 180,00.<\/p>\n<p>O an\u00fancio da altera\u00e7\u00e3o do hor\u00e1rio de trabalho dos servidores da Educa\u00e7\u00e3o e do pagamento do piso salarial nacional para os agentes de sa\u00fade e de combate a endemias j\u00e1 haviam sido feitos pelo prefeito Carlin Moura, durante evento que marcou os 100 dias de governo.<\/p>\n<p>A redu\u00e7\u00e3o da jornada de trabalho do quadro administrativo da Educa\u00e7\u00e3o visa a qualifica\u00e7\u00e3o dos servidores da educa\u00e7\u00e3o e a melhoria dos servi\u00e7os prestados na Rede Municipal de Ensino, uma vez que permite o aperfei\u00e7oamento profissional e diminui a rotatividade de servidores nesse segmento. Com a decis\u00e3o, Contagem se iguala aos munic\u00edpios como Belo Horizonte e Betim, al\u00e9m do pr\u00f3prio governo estadual, que j\u00e1 adotavam tal medida.<\/p>\n<p>A secret\u00e1ria de Educa\u00e7\u00e3o, Ana Prestes, ressaltou a import\u00e2ncia da redu\u00e7\u00e3o da jornada. &#8221; \u00c9 uma forma de valorizar um trabalhador que \u00e9 essencial no cotidiano escolar. Essa decis\u00e3o permite que estes funcion\u00e1rios sejam organizados em turnos de seis horas di\u00e1rias, o que qualifica muito o trabalho&#8221;.<\/p>\n<p>O secret\u00e1rio de Sa\u00fade na cidade Contagem, Ricardo Faria, valorizou o trabalho dos agentes de sa\u00fade. &#8220;Sou testemunha da capacidade de trabalho dos nossos agentes. Eles enfrentam sol, chuva, animais, com muita dedica\u00e7\u00e3o e empenho. Os agentes comunit\u00e1rios enfrentam essa batalha no dia a dia. Nada mais justo que recebam esse aumento salarial&#8221;.<\/p>\n<p><em>Fonte: Prefeitura Contagem<\/em><\/p>\n","protected":false},"excerpt":{"rendered":"<p>A Prefeitura de Contagem protocolou na C\u00e2mara Municipal de Contagem, nesta segunda-feira (27\/5), o Projeto de Lei Complementar 003\/2013, que altera para 30 h a jornada de trabalho dos servidores p\u00fablicos ocupantes dos cargos administrativos da Educa\u00e7\u00e3o e da Funda\u00e7\u00e3o de Ensino de Contagem (Funec). A prefeitura entregou, ainda, o Projeto de Lei Complementar que [&hellip;]<\/p>\n","protected":false},"author":1,"featured_media":0,"comment_status":"open","ping_status":"open","sticky":false,"template":"","format":"standard","meta":{"footnotes":""},"categories":[6],"tags":[],"class_list":["post-449","post","type-post","status-publish","format-standard","hentry","category-noticias"],"_links":{"self":[{"href":"https:\/\/www.encontracontagem.com.br\/noticias\/wp-json\/wp\/v2\/posts\/449","targetHints":{"allow":["GET"]}}],"collection":[{"href":"https:\/\/www.encontracontagem.com.br\/noticias\/wp-json\/wp\/v2\/posts"}],"about":[{"href":"https:\/\/www.encontracontagem.com.br\/noticias\/wp-json\/wp\/v2\/types\/post"}],"author":[{"embeddable":true,"href":"https:\/\/www.encontracontagem.com.br\/noticias\/wp-json\/wp\/v2\/users\/1"}],"replies":[{"embeddable":true,"href":"https:\/\/www.encontracontagem.com.br\/noticias\/wp-json\/wp\/v2\/comments?post=449"}],"version-history":[{"count":2,"href":"https:\/\/www.encontracontagem.com.br\/noticias\/wp-json\/wp\/v2\/posts\/449\/revisions"}],"predecessor-version":[{"id":702,"href":"https:\/\/www.encontracontagem.com.br\/noticias\/wp-json\/wp\/v2\/posts\/449\/revisions\/702"}],"wp:attachment":[{"href":"https:\/\/www.encontracontagem.com.br\/noticias\/wp-json\/wp\/v2\/media?parent=449"}],"wp:term":[{"taxonomy":"category","embeddable":true,"href":"https:\/\/www.encontracontagem.com.br\/noticias\/wp-json\/wp\/v2\/categories?post=449"},{"taxonomy":"post_tag","embeddable":true,"href":"https:\/\/www.encontracontagem.com.br\/noticias\/wp-json\/wp\/v2\/tags?post=449"}],"curies":[{"name":"wp","href":"https:\/\/api.w.org\/{rel}","templated":true}]}}