{"id":444,"date":"2013-05-22T01:37:45","date_gmt":"2013-05-22T01:37:45","guid":{"rendered":"http:\/\/www.encontracontagem.com.br\/noticias\/?p=444"},"modified":"2013-08-19T12:06:16","modified_gmt":"2013-08-19T12:06:16","slug":"prefeitura-de-contagem-aumentara-o-servico-de-atendimento-a-saude-mental","status":"publish","type":"post","link":"https:\/\/www.encontracontagem.com.br\/noticias\/prefeitura-de-contagem-aumentara-o-servico-de-atendimento-a-saude-mental\/","title":{"rendered":"Prefeitura de Contagem aumentar\u00e1 o servi\u00e7o de atendimento \u00e0 sa\u00fade mental"},"content":{"rendered":"<p>A Secretaria Municipal de Sa\u00fade, por meio da Coordena\u00e7\u00e3o de Sa\u00fade Mental, promoveu, na \u00faltima sexta-feira (17\/5), o Semin\u00e1rio Municipal de Sa\u00fade Mental: Amplia\u00e7\u00e3o da Rede e Integralidade do Cuidado. O semin\u00e1rio, realizado no SESC Laces, teve o objetivo de discutir o atendimento oferecido aos pacientes do servi\u00e7o de sa\u00fade mental no munic\u00edpio. O evento teve ainda como parte da programa\u00e7\u00e3o a apresenta\u00e7\u00e3o do novo Centro de Aten\u00e7\u00e3o Psicossocial , CAPS III.<\/p>\n<p>O secret\u00e1rio municipal de Sa\u00fade, Ricardo Faria, abriu a solenidade ressaltando a valoriza\u00e7\u00e3o dos profissionais da sa\u00fade. A data escolhida para a inaugura\u00e7\u00e3o do novo Centro faz parte de uma homenagem. &#8220;\u00c9 um marco na sa\u00fade a inaugura\u00e7\u00e3o do CAPS III, no dia em que se comemora a Luta Antimanicomial&#8221;, ressalta o secret\u00e1rio. Na mesma semana, tamb\u00e9m, foi realizada a comemora\u00e7\u00e3o da semana da enfermagem e a homenagem aos assistentes sociais.<\/p>\n<p>O Centro de Aten\u00e7\u00e3o Psicossocial presta apoio \u00e0s pessoas que necessitam de atendimento ps\u00edquico objetivando a diminui\u00e7\u00e3o de interna\u00e7\u00f5es. O centro tamb\u00e9m busca a integra\u00e7\u00e3o com associa\u00e7\u00f5es e entidades, para reinserir o paciente ao conv\u00edvio com a comunidade. A coordenadora de Sa\u00fade na cidade de Contagem, Cl\u00e1udia Maria Miranda, ressalta a relev\u00e2ncia do investimento no CAPS. &#8220;\u00c9 muito importante para esse grupo gestor inaugurar esse momento especial da sa\u00fade mental no munic\u00edpio&#8221;.<\/p>\n<p>O semin\u00e1rio tamb\u00e9m contou com debates sobre as pr\u00e1ticas e cuidados aos usu\u00e1rios dos servi\u00e7os de sa\u00fade mental em Contagem. Durante o evento, mais de 150 pessoas acompanharam o ciclo de palestras.<\/p>\n<p><strong>Amplia\u00e7\u00e3o do Atendimento<\/strong><\/p>\n<p>A amplia\u00e7\u00e3o desse servi\u00e7o faz parte da estrat\u00e9gia de implementa\u00e7\u00e3o da Rede de Sa\u00fade Mental para o cuidado integral do usu\u00e1rio. A <a title=\"Prefeitura de Contagem\" href=\"http:\/\/www.encontracontagem.com.br\/contagem\/prefeitura-municipal-de-contagem.shtml\" target=\"_blank\">Prefeitura de Contagem<\/a> visa reduzir as interna\u00e7\u00f5es em hospitais psiqui\u00e1tricos, principalmente as realizadas em Belo Horizonte. Para atingir a essa meta, o CAPS III funcionar\u00e1 24 horas com a capacidade de atender uma m\u00e9dia di\u00e1ria de 50 pessoas. O secret\u00e1rio de Sa\u00fade Ricardo Faria anunciou tamb\u00e9m novidades para o CAPS II. Ele informou que a sede desse centro ser\u00e1 realocada para a antiga Unidade B\u00e1sica de Sa\u00fade (UBS) Praia, que receber\u00e1 uma reforma para o melhor atendimento. &#8220;O nosso desejo \u00e9 que a sa\u00fade mental de Contagem seja uma refer\u00eancia no estado e no pa\u00eds&#8221;, concluiu.<\/p>\n<p><em>Fonte: Prefeitura Contagem<\/em><\/p>\n","protected":false},"excerpt":{"rendered":"<p>A Secretaria Municipal de Sa\u00fade, por meio da Coordena\u00e7\u00e3o de Sa\u00fade Mental, promoveu, na \u00faltima sexta-feira (17\/5), o Semin\u00e1rio Municipal de Sa\u00fade Mental: Amplia\u00e7\u00e3o da Rede e Integralidade do Cuidado. O semin\u00e1rio, realizado no SESC Laces, teve o objetivo de discutir o atendimento oferecido aos pacientes do servi\u00e7o de sa\u00fade mental no munic\u00edpio. O evento [&hellip;]<\/p>\n","protected":false},"author":1,"featured_media":0,"comment_status":"open","ping_status":"open","sticky":false,"template":"","format":"standard","meta":{"footnotes":""},"categories":[6],"tags":[],"class_list":["post-444","post","type-post","status-publish","format-standard","hentry","category-noticias"],"_links":{"self":[{"href":"https:\/\/www.encontracontagem.com.br\/noticias\/wp-json\/wp\/v2\/posts\/444","targetHints":{"allow":["GET"]}}],"collection":[{"href":"https:\/\/www.encontracontagem.com.br\/noticias\/wp-json\/wp\/v2\/posts"}],"about":[{"href":"https:\/\/www.encontracontagem.com.br\/noticias\/wp-json\/wp\/v2\/types\/post"}],"author":[{"embeddable":true,"href":"https:\/\/www.encontracontagem.com.br\/noticias\/wp-json\/wp\/v2\/users\/1"}],"replies":[{"embeddable":true,"href":"https:\/\/www.encontracontagem.com.br\/noticias\/wp-json\/wp\/v2\/comments?post=444"}],"version-history":[{"count":2,"href":"https:\/\/www.encontracontagem.com.br\/noticias\/wp-json\/wp\/v2\/posts\/444\/revisions"}],"predecessor-version":[{"id":701,"href":"https:\/\/www.encontracontagem.com.br\/noticias\/wp-json\/wp\/v2\/posts\/444\/revisions\/701"}],"wp:attachment":[{"href":"https:\/\/www.encontracontagem.com.br\/noticias\/wp-json\/wp\/v2\/media?parent=444"}],"wp:term":[{"taxonomy":"category","embeddable":true,"href":"https:\/\/www.encontracontagem.com.br\/noticias\/wp-json\/wp\/v2\/categories?post=444"},{"taxonomy":"post_tag","embeddable":true,"href":"https:\/\/www.encontracontagem.com.br\/noticias\/wp-json\/wp\/v2\/tags?post=444"}],"curies":[{"name":"wp","href":"https:\/\/api.w.org\/{rel}","templated":true}]}}