{"id":435,"date":"2013-05-09T12:19:02","date_gmt":"2013-05-09T12:19:02","guid":{"rendered":"http:\/\/www.encontracontagem.com.br\/noticias\/?p=435"},"modified":"2013-08-19T12:06:17","modified_gmt":"2013-08-19T12:06:17","slug":"contagem-participa-do-congresso-mineiro-de-municipios","status":"publish","type":"post","link":"https:\/\/www.encontracontagem.com.br\/noticias\/contagem-participa-do-congresso-mineiro-de-municipios\/","title":{"rendered":"Contagem participa do Congresso Mineiro de Munic\u00edpios"},"content":{"rendered":"<p>O prefeito de Contagem, Carlin Moura, participou da abertura do 30\u00ba Congresso Mineiro de Munic\u00edpios, na ter\u00e7a-feira (7\/5), no Expominas, na cidade de Belo Horizonte. Participaram da solenidade o governador Antonio Anastasia, diversas autoridades e empres\u00e1rios. Durante a cerim\u00f4nia, aconteceu o lan\u00e7amento de um selo e de um cart\u00e3o telef\u00f4nico &#8211; comemorativos aos 60 anos da Associa\u00e7\u00e3o Mineira dos Munic\u00edpios e a entrega da Medalha do M\u00e9rito Municipalista &#8220;Celso Mello de Azevedo&#8221;.<\/p>\n<p>O presidente da Associa\u00e7\u00e3o Mineira dos Munic\u00edpios (AMM) \u00c2ngelo Roncalli, que se despede do cargo, falou dos desafios dos munic\u00edpios mineiros. &#8220;O maior desafio do nosso pa\u00eds \u00e9 aproximar os recursos dos problemas, que est\u00e3o justamente nos munic\u00edpios&#8221;. Roncalli ressaltou a import\u00e2ncia do evento. &#8220;\u00c9 uma grande oportunidade para esse p\u00fablico trazer as suas equipes t\u00e9cnicas e aproveitar ao m\u00e1ximo as palestras, buscar informa\u00e7\u00e3o e conhecimento&#8221;.<\/p>\n<p>O prefeito Carlin Moura ressaltou as a\u00e7\u00f5es tomadas para modernizar a gest\u00e3o p\u00fablica em Contagem. &#8220;A atual gest\u00e3o prioriza a\u00a0 transpar\u00eancia administrativa. Colocamos o Portal da Transpar\u00eancia no ar. O planejamento e a transpar\u00eancia s\u00e3o fundamentais para aumentar a arrecada\u00e7\u00e3o e melhorar a gest\u00e3o p\u00fablica&#8221;, avaliou.<\/p>\n<p><em>Fonte: Prefeitura Contagem<\/em><\/p>\n","protected":false},"excerpt":{"rendered":"<p>O prefeito de Contagem, Carlin Moura, participou da abertura do 30\u00ba Congresso Mineiro de Munic\u00edpios, na ter\u00e7a-feira (7\/5), no Expominas, na cidade de Belo Horizonte. Participaram da solenidade o governador Antonio Anastasia, diversas autoridades e empres\u00e1rios. Durante a cerim\u00f4nia, aconteceu o lan\u00e7amento de um selo e de um cart\u00e3o telef\u00f4nico &#8211; comemorativos aos 60 anos [&hellip;]<\/p>\n","protected":false},"author":1,"featured_media":0,"comment_status":"open","ping_status":"open","sticky":false,"template":"","format":"standard","meta":{"footnotes":""},"categories":[6],"tags":[],"class_list":["post-435","post","type-post","status-publish","format-standard","hentry","category-noticias"],"_links":{"self":[{"href":"https:\/\/www.encontracontagem.com.br\/noticias\/wp-json\/wp\/v2\/posts\/435","targetHints":{"allow":["GET"]}}],"collection":[{"href":"https:\/\/www.encontracontagem.com.br\/noticias\/wp-json\/wp\/v2\/posts"}],"about":[{"href":"https:\/\/www.encontracontagem.com.br\/noticias\/wp-json\/wp\/v2\/types\/post"}],"author":[{"embeddable":true,"href":"https:\/\/www.encontracontagem.com.br\/noticias\/wp-json\/wp\/v2\/users\/1"}],"replies":[{"embeddable":true,"href":"https:\/\/www.encontracontagem.com.br\/noticias\/wp-json\/wp\/v2\/comments?post=435"}],"version-history":[{"count":3,"href":"https:\/\/www.encontracontagem.com.br\/noticias\/wp-json\/wp\/v2\/posts\/435\/revisions"}],"predecessor-version":[{"id":715,"href":"https:\/\/www.encontracontagem.com.br\/noticias\/wp-json\/wp\/v2\/posts\/435\/revisions\/715"}],"wp:attachment":[{"href":"https:\/\/www.encontracontagem.com.br\/noticias\/wp-json\/wp\/v2\/media?parent=435"}],"wp:term":[{"taxonomy":"category","embeddable":true,"href":"https:\/\/www.encontracontagem.com.br\/noticias\/wp-json\/wp\/v2\/categories?post=435"},{"taxonomy":"post_tag","embeddable":true,"href":"https:\/\/www.encontracontagem.com.br\/noticias\/wp-json\/wp\/v2\/tags?post=435"}],"curies":[{"name":"wp","href":"https:\/\/api.w.org\/{rel}","templated":true}]}}