{"id":433,"date":"2013-05-10T00:16:11","date_gmt":"2013-05-10T00:16:11","guid":{"rendered":"http:\/\/www.encontracontagem.com.br\/noticias\/?p=433"},"modified":"2013-08-19T12:06:17","modified_gmt":"2013-08-19T12:06:17","slug":"prefeitura-de-contagem-participa-de-conferencia-livre-da-educacao","status":"publish","type":"post","link":"https:\/\/www.encontracontagem.com.br\/noticias\/prefeitura-de-contagem-participa-de-conferencia-livre-da-educacao\/","title":{"rendered":"Prefeitura de Contagem participa de confer\u00eancia livre da Educa\u00e7\u00e3o"},"content":{"rendered":"<p>A <a title=\"Prefeitura de Contagem\" href=\"http:\/\/www.encontracontagem.com.br\/contagem\/prefeitura-municipal-de-contagem.shtml\" target=\"_blank\">Prefeitura de Contagem<\/a>, por meio da Secretaria Municipal de Educa\u00e7\u00e3o, participou da confer\u00eancia livre que debateu o Sistema Nacional de Educa\u00e7\u00e3o e a II Confer\u00eancia Nacional de Educa\u00e7\u00e3o (Conae), que ser\u00e1 realizada em 2014. O evento na cidade de Contagem ocorreu na \u00faltima segunda-feira (6\/5), no campus da UFMG.<\/p>\n<p>A confer\u00eancia debateu propostas das entidades participantes para intervir com emendas nas etapas municipais e estaduais da Conae\/2014. Foram discutidos temas como a qualidade e avalia\u00e7\u00e3o do Sistema Nacional de Educa\u00e7\u00e3o e a regula\u00e7\u00e3o da educa\u00e7\u00e3o superior.<\/p>\n<p>A secret\u00e1ria de Educa\u00e7\u00e3o, Ana Prestes, refor\u00e7ou a import\u00e2ncia da participa\u00e7\u00e3o na confer\u00eancia. &#8220;Contagem est\u00e1 empenhada em participar ativamente da Conae. Foi importante acompanhar o evento, as palestras e debates com figuras de renome nacional da \u00e1rea da educa\u00e7\u00e3o. Nosso munic\u00edpio far\u00e1 a confer\u00eancia municipal da educa\u00e7\u00e3o e sediar\u00e1 a confer\u00eancia macrorregional da Conae. Estamos nos preparando para isso&#8221;.<\/p>\n<p>Cleuza Repulho, presidente da Uni\u00e3o Nacional dos Dirigentes Municipais de Educa\u00e7\u00e3o (Undime), destacou a presen\u00e7a dos gestores municipais da educa\u00e7\u00e3o no evento. &#8220;\u00c9 fundamental a presen\u00e7a dos gestores da educa\u00e7\u00e3o nos munic\u00edpios nesta confer\u00eancia, pois aproxima a discuss\u00e3o da realidade das cidades&#8221;.<\/p>\n<p>Daniel Cara, coordenador geral da Campanha Nacional pelo Direito \u00e0 Educa\u00e7\u00e3o, ressaltou os desafios da regulamenta\u00e7\u00e3o do Sistema Nacional de Educa\u00e7\u00e3o. &#8220;Precisamos discutir o federalismo, o financiamento, a valoriza\u00e7\u00e3o dos profissionais de educa\u00e7\u00e3o, a sistematiza\u00e7\u00e3o de um curr\u00edculo nacional e a avalia\u00e7\u00e3o e regula\u00e7\u00e3o da educa\u00e7\u00e3o superior&#8221;.<\/p>\n<p><em>Fonte: Prefeitura Contagem<\/em><\/p>\n","protected":false},"excerpt":{"rendered":"<p>A Prefeitura de Contagem, por meio da Secretaria Municipal de Educa\u00e7\u00e3o, participou da confer\u00eancia livre que debateu o Sistema Nacional de Educa\u00e7\u00e3o e a II Confer\u00eancia Nacional de Educa\u00e7\u00e3o (Conae), que ser\u00e1 realizada em 2014. O evento na cidade de Contagem ocorreu na \u00faltima segunda-feira (6\/5), no campus da UFMG. A confer\u00eancia debateu propostas das [&hellip;]<\/p>\n","protected":false},"author":1,"featured_media":0,"comment_status":"open","ping_status":"open","sticky":false,"template":"","format":"standard","meta":{"footnotes":""},"categories":[6],"tags":[],"class_list":["post-433","post","type-post","status-publish","format-standard","hentry","category-noticias"],"_links":{"self":[{"href":"https:\/\/www.encontracontagem.com.br\/noticias\/wp-json\/wp\/v2\/posts\/433","targetHints":{"allow":["GET"]}}],"collection":[{"href":"https:\/\/www.encontracontagem.com.br\/noticias\/wp-json\/wp\/v2\/posts"}],"about":[{"href":"https:\/\/www.encontracontagem.com.br\/noticias\/wp-json\/wp\/v2\/types\/post"}],"author":[{"embeddable":true,"href":"https:\/\/www.encontracontagem.com.br\/noticias\/wp-json\/wp\/v2\/users\/1"}],"replies":[{"embeddable":true,"href":"https:\/\/www.encontracontagem.com.br\/noticias\/wp-json\/wp\/v2\/comments?post=433"}],"version-history":[{"count":2,"href":"https:\/\/www.encontracontagem.com.br\/noticias\/wp-json\/wp\/v2\/posts\/433\/revisions"}],"predecessor-version":[{"id":716,"href":"https:\/\/www.encontracontagem.com.br\/noticias\/wp-json\/wp\/v2\/posts\/433\/revisions\/716"}],"wp:attachment":[{"href":"https:\/\/www.encontracontagem.com.br\/noticias\/wp-json\/wp\/v2\/media?parent=433"}],"wp:term":[{"taxonomy":"category","embeddable":true,"href":"https:\/\/www.encontracontagem.com.br\/noticias\/wp-json\/wp\/v2\/categories?post=433"},{"taxonomy":"post_tag","embeddable":true,"href":"https:\/\/www.encontracontagem.com.br\/noticias\/wp-json\/wp\/v2\/tags?post=433"}],"curies":[{"name":"wp","href":"https:\/\/api.w.org\/{rel}","templated":true}]}}