{"id":429,"date":"2013-05-06T00:28:54","date_gmt":"2013-05-06T00:28:54","guid":{"rendered":"http:\/\/www.encontracontagem.com.br\/noticias\/?p=429"},"modified":"2013-08-19T12:06:17","modified_gmt":"2013-08-19T12:06:17","slug":"espaco-do-saber-de-contagem-promove-atracoes-ludicas-cursos-e-oficinas-artisticas","status":"publish","type":"post","link":"https:\/\/www.encontracontagem.com.br\/noticias\/espaco-do-saber-de-contagem-promove-atracoes-ludicas-cursos-e-oficinas-artisticas\/","title":{"rendered":"Espa\u00e7o do Saber de Contagem promove atra\u00e7\u00f5es l\u00fadicas, cursos e oficinas art\u00edsticas"},"content":{"rendered":"<p>Um lugar para divertir e aprender. Fica no bairro Gl\u00f3ria, cora\u00e7\u00e3o da regi\u00e3o do Eldorado e atrai p\u00fablico de todas as regi\u00f5es de Contagem e cidades vizinhas. Espa\u00e7o do Saber, este \u00e9 o lugar. Um complexo educativo, cultural e recreativo ligado \u00e0 Secretaria Municipal de Educa\u00e7\u00e3o na Cidade de Contagem. Com uma \u00e1rea de 500 metros quadrados, o espa\u00e7o atende em torno de 2 mil pessoas por m\u00eas ofertando um telecentro, sala de leitura com mais de 4 mil volumes entre revistas e jornais peri\u00f3dicos, gibis e livros infantis, salas de jogos, 26 oficinas art\u00edsticas, culturais e um cineclube. \u00c0s<\/p>\n<p>sextas-feiras, das 14h \u00e0s 17h, o Baile da Saudade anima, principalmente, a turma da terceira idade. Espalhados nas diversas atividades um p\u00fablico ecl\u00e9tico, na faixa et\u00e1ria de 2 a 90 anos, passa por l\u00e1 de segunda a sexta, das 8h \u00e0s 22h e aos s\u00e1bados, das 8h \u00e0s 17h.<\/p>\n<p>Segundo a coordenadora do Espa\u00e7o do Saber, Ana Canuta, os frequentadores dedicam parte do seu tempo aos cursos de viol\u00e3o, teclado, canto popular, teatro, dan\u00e7a popular, fotografia, v\u00eddeo,capoeira, pilates, grafite, artesanato, desenho e pintura. &#8220;\u00c9 importante ressaltar que este \u00e9 um espa\u00e7o para promo\u00e7\u00e3o do conv\u00edvio social, que oferece cultura, lazer e educa\u00e7\u00e3o \u00e0 popula\u00e7\u00e3o de Contagem e moradores de cidades vizinhas&#8221;, frisou Ana Canuta, lembrando que todos os cursos e eventos s\u00e3o gratuitos. O Espa\u00e7o conta com uma equipe de 54 funcion\u00e1rios entre professores, oficineiros e pessoal do administrativo e da manuten\u00e7\u00e3o.<\/p>\n<p>A coordenadora disse ainda que a ideia \u00e9 agregar cada vez mais parceiros para tocar os projetos existentes e promover outros, sempre visando o atendimento de qualidade aos moradores de Contagem. &#8220;O ideal \u00e9 trabalhar a parceria entre os poderes p\u00fablico e particular, uma das propostas do governo do prefeito Carlin Moura&#8221;, explicou.<\/p>\n<p><strong>Homenagem especial \u00e0s m\u00e3es<\/strong><\/p>\n<p>Para o m\u00eas de maio, o Espa\u00e7o do Saber preparou uma programa\u00e7\u00e3o especial para homenagear as m\u00e3es contagenses. De 6 a 11 (segunda a s\u00e1bado), das 9h \u00e0s 20h, Feira de Artesanato com a participa\u00e7\u00e3o de alunos, oficineiros e artes\u00e3os convidados; Dia 10 (sexta), \u00e0s 20h, Baile das M\u00e3es e dia 13 (segunda), das 9h \u00e0s 17h, Dia da Beleza, corte de cabelo, maquiagem, oficina e atra\u00e7\u00f5es culturais.<\/p>\n<p>A coordenadora Ana Canuta convida todas as m\u00e3es a participarem do evento que \u00e9 gratuito e aberto \u00e0 comunidade. &#8220;Nossos parceiros s\u00e3o maravilhosos e v\u00e3o emprestar suas habilidades para deixar nossas m\u00e3es mais lindas e felizes. Manicure, maquiagem, corte de cabelo, hidrata\u00e7\u00e3o e escova, palestras de sa\u00fade, brindes, apresenta\u00e7\u00f5es culturais de teatro, e bate- papo gostoso num clima de sal\u00e3o de beleza, al\u00e9m do carinho e aten\u00e7\u00e3o que as m\u00e3es merecem&#8221;, frisou.<\/p>\n<p>O Espa\u00e7o do Saber fica na rua Portugal, 370, bairro Gl\u00f3ria, atr\u00e1s do Camel\u00f3dromo de Contagem. Telefone: (31) 3911-9394.<\/p>\n<p><em>Fonte: Prefeitura Contagem<\/em><\/p>\n","protected":false},"excerpt":{"rendered":"<p>Um lugar para divertir e aprender. Fica no bairro Gl\u00f3ria, cora\u00e7\u00e3o da regi\u00e3o do Eldorado e atrai p\u00fablico de todas as regi\u00f5es de Contagem e cidades vizinhas. Espa\u00e7o do Saber, este \u00e9 o lugar. Um complexo educativo, cultural e recreativo ligado \u00e0 Secretaria Municipal de Educa\u00e7\u00e3o na Cidade de Contagem. Com uma \u00e1rea de 500 [&hellip;]<\/p>\n","protected":false},"author":1,"featured_media":0,"comment_status":"open","ping_status":"open","sticky":false,"template":"","format":"standard","meta":{"footnotes":""},"categories":[6],"tags":[],"class_list":["post-429","post","type-post","status-publish","format-standard","hentry","category-noticias"],"_links":{"self":[{"href":"https:\/\/www.encontracontagem.com.br\/noticias\/wp-json\/wp\/v2\/posts\/429","targetHints":{"allow":["GET"]}}],"collection":[{"href":"https:\/\/www.encontracontagem.com.br\/noticias\/wp-json\/wp\/v2\/posts"}],"about":[{"href":"https:\/\/www.encontracontagem.com.br\/noticias\/wp-json\/wp\/v2\/types\/post"}],"author":[{"embeddable":true,"href":"https:\/\/www.encontracontagem.com.br\/noticias\/wp-json\/wp\/v2\/users\/1"}],"replies":[{"embeddable":true,"href":"https:\/\/www.encontracontagem.com.br\/noticias\/wp-json\/wp\/v2\/comments?post=429"}],"version-history":[{"count":2,"href":"https:\/\/www.encontracontagem.com.br\/noticias\/wp-json\/wp\/v2\/posts\/429\/revisions"}],"predecessor-version":[{"id":707,"href":"https:\/\/www.encontracontagem.com.br\/noticias\/wp-json\/wp\/v2\/posts\/429\/revisions\/707"}],"wp:attachment":[{"href":"https:\/\/www.encontracontagem.com.br\/noticias\/wp-json\/wp\/v2\/media?parent=429"}],"wp:term":[{"taxonomy":"category","embeddable":true,"href":"https:\/\/www.encontracontagem.com.br\/noticias\/wp-json\/wp\/v2\/categories?post=429"},{"taxonomy":"post_tag","embeddable":true,"href":"https:\/\/www.encontracontagem.com.br\/noticias\/wp-json\/wp\/v2\/tags?post=429"}],"curies":[{"name":"wp","href":"https:\/\/api.w.org\/{rel}","templated":true}]}}