{"id":425,"date":"2013-05-03T12:26:00","date_gmt":"2013-05-03T12:26:00","guid":{"rendered":"http:\/\/www.encontracontagem.com.br\/noticias\/?p=425"},"modified":"2013-08-19T12:06:17","modified_gmt":"2013-08-19T12:06:17","slug":"festa-do-trabalhador-de-contagem-recebe-15-mil-pessoas-na-praca-do-divino","status":"publish","type":"post","link":"https:\/\/www.encontracontagem.com.br\/noticias\/festa-do-trabalhador-de-contagem-recebe-15-mil-pessoas-na-praca-do-divino\/","title":{"rendered":"Festa do Trabalhador de Contagem recebe 15 mil pessoas na Pra\u00e7a do Divino"},"content":{"rendered":"<p>Contagem comemorou o Dia do Trabalhador com muita festa, m\u00fasica, brincadeiras para as crian\u00e7as e pr\u00eamios para a popula\u00e7\u00e3o. As Centrais Sindicais (For\u00e7a Sindical, Nova Central, CTB e UGT), em parceria com a <a title=\"prefeitura de Contagem\" href=\"http:\/\/www.encontracontagem.com.br\/contagem\/prefeitura-municipal-de-contagem.shtml\" target=\"_blank\">Prefeitura de Contagem<\/a>, promoveram a Festa do Trabalhador de Contagem, na Pra\u00e7a do Divino, na regi\u00e3o da Ressaca.<\/p>\n<p>O grande destaque da noite foi o show da dupla sertaneja Gino &amp; Geno. Al\u00e9m deles, diversas atra\u00e7\u00f5es fizeram parte da programa\u00e7\u00e3o, com shows de Fernanda Portilho, Fred e Marcelo, Jhonny Clayton, Humberto Diniz, Ronan Oliveira e PDN. O evento tamb\u00e9m contou com rua de lazer para a crian\u00e7ada e sorteio de motos e v\u00e1rios brindes, feito pelas centrais sindicais.<\/p>\n<p>O prefeito Carlin Moura parabenizou os trabalhadores e enfatizou a aproxima\u00e7\u00e3o com os sindicatos. &#8220;Comemorar o dia do Trabalhador \u00e9, acima de tudo, assumir compromisso com a popula\u00e7\u00e3o. V\u00e1rias a\u00e7\u00f5es da prefeitura objetivam a forma\u00e7\u00e3o profissional, como a reabertura da Funec, a redu\u00e7\u00e3o da jornada de trabalho do administrativo da educa\u00e7\u00e3o para 30 horas semanais e o pagamento do piso nacional para os agentes de sa\u00fade e endemias&#8221;.<\/p>\n<p>De acordo com o secret\u00e1rio de Trabalho e Renda de Contagem, Tiago Guedes, &#8220;celebrar esta data \u00e9 uma forma de mostrar a import\u00e2ncia do trabalhador em nosso munic\u00edpio e em nossa sociedade. Al\u00e9m disso, \u00e9 uma forma de comemorar importantes conquistas dos trabalhadores, como a PEC das Empregadas e tamb\u00e9m os 70 anos da CLT (Consolida\u00e7\u00e3o das Leis do Trabalho)&#8221;, destacou.<\/p>\n<p>O aposentando Raimundo da Silva, 73 anos, afirmou a import\u00e2ncia do evento na cidade de Contagem. &#8220;Trabalhei por 55 anos. Contagem \u00e9 uma cidade oper\u00e1ria. Eventos como esse valorizam o trabalhador&#8221;, disse. A jovem Jaqueline Santos, de 20 anos, aproveitou o feriado para se divertir. &#8220;Os shows foram \u00f3timos, e ainda teve sorteio de brindes. Consegui o meu primeiro emprego esse ano. Estou muito feliz&#8221;. Segundo a organiza\u00e7\u00e3o do evento, durante todo o dia, mais de 15 mil pessoas passaram pela Pra\u00e7a do Divino.<\/p>\n<p><em>Fonte: Prefeitura Contagem<\/em><\/p>\n","protected":false},"excerpt":{"rendered":"<p>Contagem comemorou o Dia do Trabalhador com muita festa, m\u00fasica, brincadeiras para as crian\u00e7as e pr\u00eamios para a popula\u00e7\u00e3o. As Centrais Sindicais (For\u00e7a Sindical, Nova Central, CTB e UGT), em parceria com a Prefeitura de Contagem, promoveram a Festa do Trabalhador de Contagem, na Pra\u00e7a do Divino, na regi\u00e3o da Ressaca. O grande destaque da [&hellip;]<\/p>\n","protected":false},"author":1,"featured_media":0,"comment_status":"open","ping_status":"open","sticky":false,"template":"","format":"standard","meta":{"footnotes":""},"categories":[6],"tags":[],"class_list":["post-425","post","type-post","status-publish","format-standard","hentry","category-noticias"],"_links":{"self":[{"href":"https:\/\/www.encontracontagem.com.br\/noticias\/wp-json\/wp\/v2\/posts\/425","targetHints":{"allow":["GET"]}}],"collection":[{"href":"https:\/\/www.encontracontagem.com.br\/noticias\/wp-json\/wp\/v2\/posts"}],"about":[{"href":"https:\/\/www.encontracontagem.com.br\/noticias\/wp-json\/wp\/v2\/types\/post"}],"author":[{"embeddable":true,"href":"https:\/\/www.encontracontagem.com.br\/noticias\/wp-json\/wp\/v2\/users\/1"}],"replies":[{"embeddable":true,"href":"https:\/\/www.encontracontagem.com.br\/noticias\/wp-json\/wp\/v2\/comments?post=425"}],"version-history":[{"count":2,"href":"https:\/\/www.encontracontagem.com.br\/noticias\/wp-json\/wp\/v2\/posts\/425\/revisions"}],"predecessor-version":[{"id":714,"href":"https:\/\/www.encontracontagem.com.br\/noticias\/wp-json\/wp\/v2\/posts\/425\/revisions\/714"}],"wp:attachment":[{"href":"https:\/\/www.encontracontagem.com.br\/noticias\/wp-json\/wp\/v2\/media?parent=425"}],"wp:term":[{"taxonomy":"category","embeddable":true,"href":"https:\/\/www.encontracontagem.com.br\/noticias\/wp-json\/wp\/v2\/categories?post=425"},{"taxonomy":"post_tag","embeddable":true,"href":"https:\/\/www.encontracontagem.com.br\/noticias\/wp-json\/wp\/v2\/tags?post=425"}],"curies":[{"name":"wp","href":"https:\/\/api.w.org\/{rel}","templated":true}]}}