{"id":422,"date":"2013-04-23T17:10:19","date_gmt":"2013-04-23T17:10:19","guid":{"rendered":"http:\/\/www.encontracontagem.com.br\/noticias\/?p=422"},"modified":"2013-08-19T12:06:10","modified_gmt":"2013-08-19T12:06:10","slug":"contagem-dia-do-indio-e-comemorado-no-parque-gentil-diniz","status":"publish","type":"post","link":"https:\/\/www.encontracontagem.com.br\/noticias\/contagem-dia-do-indio-e-comemorado-no-parque-gentil-diniz\/","title":{"rendered":"Contagem: Dia do \u00cdndio \u00e9 comemorado no Parque Gentil Diniz"},"content":{"rendered":"<p>O Parque Gentil Diniz abriu suas portas na \u00faltima sexta-feira (19\/4), para receber alunos da Escola Municipal Eli Horta Costa e do Col\u00e9gio Santo Agostinho. Em comemora\u00e7\u00e3o ao Dia do \u00cdndio os instrutores realizaram diversas atividades pedag\u00f3gicas e recreativas alusivas ao tema.<\/p>\n<p>A trilha ecol\u00f3gica permitiu \u00e0s crian\u00e7as a intera\u00e7\u00e3o com a fauna e a flora, e o mais importante, a compreens\u00e3o da import\u00e2ncia da preserva\u00e7\u00e3o do meio ambiente. \u00a0Os alunos conheceram um pouco da hist\u00f3ria de Contagem por meio de um passeio pelo casar\u00e3o do s\u00e9culo XIX, que pertenceu \u00e0 fam\u00edlia Diniz. Aprenderam como transformar caixas de leite em porta-trecos e participaram da oficina de pintura facial.<\/p>\n<p>Arthur Filipe Silva, 10 anos, aluno da Escola Municipal Eli Horta Costa \u00e9 um frequentador ass\u00edduo do parque na cidade de Contagem. Segundo ele, o local \u00e9 silencioso, al\u00e9m de ter um \u00f3timo espa\u00e7o para fazer piquenique com a fam\u00edlia e os amigos. J\u00e1 Ana Luiza Said Salatiel, 10 anos, disse que gostou dos peixes, das aranhas, dos bambus e das flores. &#8220;Se eu pudesse viria aqui todos os dias, \u00e9 tudo perfeito&#8221;, conta ela.<\/p>\n<p>O endere\u00e7o do Parque Gentil Diniz \u00e9 rua Maria do Carmo Diniz, n\u00b0141, bairro Nossa Senhora do Carmo, hor\u00e1rio de funcionamento de ter\u00e7a a domingo, das 8h \u00e0s 17h. Informa\u00e7\u00f5es: (31) 3352-5365 \/ 3356-5546.<\/p>\n<p><em>Fonte: Prefeitura Contagem<\/em><\/p>\n","protected":false},"excerpt":{"rendered":"<p>O Parque Gentil Diniz abriu suas portas na \u00faltima sexta-feira (19\/4), para receber alunos da Escola Municipal Eli Horta Costa e do Col\u00e9gio Santo Agostinho. Em comemora\u00e7\u00e3o ao Dia do \u00cdndio os instrutores realizaram diversas atividades pedag\u00f3gicas e recreativas alusivas ao tema. A trilha ecol\u00f3gica permitiu \u00e0s crian\u00e7as a intera\u00e7\u00e3o com a fauna e a [&hellip;]<\/p>\n","protected":false},"author":1,"featured_media":0,"comment_status":"open","ping_status":"open","sticky":false,"template":"","format":"standard","meta":{"footnotes":""},"categories":[6],"tags":[],"class_list":["post-422","post","type-post","status-publish","format-standard","hentry","category-noticias"],"_links":{"self":[{"href":"https:\/\/www.encontracontagem.com.br\/noticias\/wp-json\/wp\/v2\/posts\/422","targetHints":{"allow":["GET"]}}],"collection":[{"href":"https:\/\/www.encontracontagem.com.br\/noticias\/wp-json\/wp\/v2\/posts"}],"about":[{"href":"https:\/\/www.encontracontagem.com.br\/noticias\/wp-json\/wp\/v2\/types\/post"}],"author":[{"embeddable":true,"href":"https:\/\/www.encontracontagem.com.br\/noticias\/wp-json\/wp\/v2\/users\/1"}],"replies":[{"embeddable":true,"href":"https:\/\/www.encontracontagem.com.br\/noticias\/wp-json\/wp\/v2\/comments?post=422"}],"version-history":[{"count":2,"href":"https:\/\/www.encontracontagem.com.br\/noticias\/wp-json\/wp\/v2\/posts\/422\/revisions"}],"predecessor-version":[{"id":606,"href":"https:\/\/www.encontracontagem.com.br\/noticias\/wp-json\/wp\/v2\/posts\/422\/revisions\/606"}],"wp:attachment":[{"href":"https:\/\/www.encontracontagem.com.br\/noticias\/wp-json\/wp\/v2\/media?parent=422"}],"wp:term":[{"taxonomy":"category","embeddable":true,"href":"https:\/\/www.encontracontagem.com.br\/noticias\/wp-json\/wp\/v2\/categories?post=422"},{"taxonomy":"post_tag","embeddable":true,"href":"https:\/\/www.encontracontagem.com.br\/noticias\/wp-json\/wp\/v2\/tags?post=422"}],"curies":[{"name":"wp","href":"https:\/\/api.w.org\/{rel}","templated":true}]}}