{"id":419,"date":"2013-04-23T17:07:37","date_gmt":"2013-04-23T17:07:37","guid":{"rendered":"http:\/\/www.encontracontagem.com.br\/noticias\/?p=419"},"modified":"2013-08-19T12:06:16","modified_gmt":"2013-08-19T12:06:16","slug":"contagem-alvara-libera-entrada-dos-agentes-de-endemia-em-imoveis-desabitados","status":"publish","type":"post","link":"https:\/\/www.encontracontagem.com.br\/noticias\/contagem-alvara-libera-entrada-dos-agentes-de-endemia-em-imoveis-desabitados\/","title":{"rendered":"Contagem: Alvar\u00e1 libera entrada dos agentes de endemia em im\u00f3veis desabitados"},"content":{"rendered":"<p>A <a title=\"Prefeitura de Contagem\" href=\"http:\/\/www.encontracontagem.com.br\/contagem\/prefeitura-municipal-de-contagem.shtml\" target=\"_blank\">Prefeitura de Contagem<\/a>, por meio da Procuradoria Geral do Munic\u00edpio, conseguiu a expedi\u00e7\u00e3o de um Alvar\u00e1 Judicial Geral, em car\u00e1ter de urg\u00eancia, autorizando a entrada dos agentes de endemia e de sa\u00fade do munic\u00edpio em todos os im\u00f3veis fechados, desabitados ou abandonados, para fazer o combate aos focos de transmiss\u00e3o do mosquito da dengue, Aedes Aegypti. O alvar\u00e1 foi expedido pelo juiz titular da 1\u00aa Vara da Fazenda de Contagem, Marcos Alberto Ferreira, e valer\u00e1 at\u00e9 o dia 18 de julho de 2013.<\/p>\n<p>Na decis\u00e3o, o juiz Marcos Alberto Ferreira ratificou que a &#8220;preven\u00e7\u00e3o \u00e0 epidemia da dengue n\u00e3o pode ser feita com \u00eaxito, sem a vistoria e a fiscaliza\u00e7\u00e3o de todos os im\u00f3veis da Comarca de Contagem com potencial de armazenagem do mosquito transmissor.&#8221; Segundo ele, basta que apenas um \u00fanico im\u00f3vel n\u00e3o seja fiscalizado, para comprometer todo o trabalho j\u00e1 realizado nas demais casas, com preju\u00edzos incalcul\u00e1veis para a sa\u00fade.<\/p>\n<p>O procurador-adjunto de Contagem, Daniel Maia, destacou o apoio dado pelo juiz Marcos Alberto Ferreira e refor\u00e7ou que a import\u00e2ncia da medida para os trabalhos de combate \u00e0 dengue. &#8220;Essa doen\u00e7a \u00e9 uma endemia que se prolifera, sobretudo, pela in\u00e9rcia do cidad\u00e3o. Todo investimento de recursos humanos e financeiros empreendidos pela prefeitura no combate \u00e0 dengue s\u00e3o potencializados com emiss\u00e3o do alvar\u00e1, que garante a entrada dos agentes nas resid\u00eancias da cidade&#8221;.<\/p>\n<p>O Centro de Controle de Zoonose da Secretaria de Sa\u00fade na cidade de Contagem explica que 80% dos focos de prolifera\u00e7\u00e3o do mosquito da dengue se encontram dentro das casas. O secret\u00e1rio de sa\u00fade, Ricardo Faria, refor\u00e7ou a import\u00e2ncia da participa\u00e7\u00e3o popular no combate \u00e0 dengue. &#8220;N\u00f3s, o poder p\u00fablico, seguimos fazendo a nossa parte. Toda semana um distrito sanit\u00e1rio da cidade \u00e9 visitado pelos mutir\u00f5es de combate \u00e0 dengue. Os agentes de sa\u00fade e de endemia est\u00e3o nas ruas e nos postos m\u00e9dicos refor\u00e7amos as equipes para um atendimento exclusivo aos casos de dengue. Por\u00e9m, a popula\u00e7\u00e3o precisa fazer a sua parte&#8221;, convocou.<\/p>\n<p><em>Fonte: Prefeitura Contagem<\/em><\/p>\n","protected":false},"excerpt":{"rendered":"<p>A Prefeitura de Contagem, por meio da Procuradoria Geral do Munic\u00edpio, conseguiu a expedi\u00e7\u00e3o de um Alvar\u00e1 Judicial Geral, em car\u00e1ter de urg\u00eancia, autorizando a entrada dos agentes de endemia e de sa\u00fade do munic\u00edpio em todos os im\u00f3veis fechados, desabitados ou abandonados, para fazer o combate aos focos de transmiss\u00e3o do mosquito da dengue, [&hellip;]<\/p>\n","protected":false},"author":1,"featured_media":0,"comment_status":"open","ping_status":"open","sticky":false,"template":"","format":"standard","meta":{"footnotes":""},"categories":[6],"tags":[],"class_list":["post-419","post","type-post","status-publish","format-standard","hentry","category-noticias"],"_links":{"self":[{"href":"https:\/\/www.encontracontagem.com.br\/noticias\/wp-json\/wp\/v2\/posts\/419","targetHints":{"allow":["GET"]}}],"collection":[{"href":"https:\/\/www.encontracontagem.com.br\/noticias\/wp-json\/wp\/v2\/posts"}],"about":[{"href":"https:\/\/www.encontracontagem.com.br\/noticias\/wp-json\/wp\/v2\/types\/post"}],"author":[{"embeddable":true,"href":"https:\/\/www.encontracontagem.com.br\/noticias\/wp-json\/wp\/v2\/users\/1"}],"replies":[{"embeddable":true,"href":"https:\/\/www.encontracontagem.com.br\/noticias\/wp-json\/wp\/v2\/comments?post=419"}],"version-history":[{"count":2,"href":"https:\/\/www.encontracontagem.com.br\/noticias\/wp-json\/wp\/v2\/posts\/419\/revisions"}],"predecessor-version":[{"id":699,"href":"https:\/\/www.encontracontagem.com.br\/noticias\/wp-json\/wp\/v2\/posts\/419\/revisions\/699"}],"wp:attachment":[{"href":"https:\/\/www.encontracontagem.com.br\/noticias\/wp-json\/wp\/v2\/media?parent=419"}],"wp:term":[{"taxonomy":"category","embeddable":true,"href":"https:\/\/www.encontracontagem.com.br\/noticias\/wp-json\/wp\/v2\/categories?post=419"},{"taxonomy":"post_tag","embeddable":true,"href":"https:\/\/www.encontracontagem.com.br\/noticias\/wp-json\/wp\/v2\/tags?post=419"}],"curies":[{"name":"wp","href":"https:\/\/api.w.org\/{rel}","templated":true}]}}