{"id":409,"date":"2013-04-15T02:07:32","date_gmt":"2013-04-15T02:07:32","guid":{"rendered":"http:\/\/www.encontracontagem.com.br\/noticias\/?p=409"},"modified":"2013-08-19T12:06:16","modified_gmt":"2013-08-19T12:06:16","slug":"contagem-prefeitura-inaugura-unidade-basica-de-saude-na-regiao-do-nacional","status":"publish","type":"post","link":"https:\/\/www.encontracontagem.com.br\/noticias\/contagem-prefeitura-inaugura-unidade-basica-de-saude-na-regiao-do-nacional\/","title":{"rendered":"Contagem: Prefeitura inaugura Unidade B\u00e1sica de Sa\u00fade na regi\u00e3o do Nacional"},"content":{"rendered":"<p>No \u00faltimo s\u00e1bado (13\/4), a <a title=\"Prefeitura de Contagem\" href=\"http:\/\/www.encontracontagem.com.br\/contagem\/prefeitura-municipal-de-contagem.shtml\" target=\"_blank\">Prefeitura de Contagem<\/a>, por meio da Secretaria Municipal de Sa\u00fade, entregou, \u00e0 popula\u00e7\u00e3o do Nacional, a Unidade B\u00e1sica de Sa\u00fade (UBS) Joaquim Murtinho. A solenidade de inaugura\u00e7\u00e3o aconteceu \u00e0s 9h, na pr\u00f3pria UBS (rua L\u00facia Muniz esquina com a rua 1\u00ba de Maio, n\u00ba 476, bairro Nacional).<\/p>\n<p>Com capacidade para atender mais de 1.500 pessoas por m\u00eas, a nova UBS possui instala\u00e7\u00f5es amplas e modernas. Sua estrutura f\u00edsica conta com 11 consult\u00f3rios, sala de atendimento odontol\u00f3gico, escov\u00f3dromo, salas de curativo, vacina, aplica\u00e7\u00e3o de medicamentos, inala\u00e7\u00e3o e para atividades em grupos.<\/p>\n<p>A unidade vai oferecer atendimento de cl\u00ednica m\u00e9dica, enfermagem e odontologia. Tamb\u00e9m contar\u00e1 com o apoio da equipe do N\u00facleo de Apoio \u00e0 Sa\u00fade da Fam\u00edlia (Nasf) para atendimento de pediatria, ginecologia, psiquiatria, psicologia, fisioterapia, fonoaudiologia, nutri\u00e7\u00e3o e servi\u00e7o social.<\/p>\n<p>Para assegurar a qualidade do servi\u00e7o e mais conforto \u00e0 popula\u00e7\u00e3o, a Secretaria Municipal de Sa\u00fade na cidade de Contagem tamb\u00e9m determinou a amplia\u00e7\u00e3o do hor\u00e1rio de funcionamento. A UBS Joaquim Murtinho vai atender das 7h \u00e0s 19h. Para a constru\u00e7\u00e3o da unidade, a prefeitura investiu R$ 1.247.992,15.<\/p>\n<p><em>Fonte: Prefeitura Contagem<\/em><\/p>\n","protected":false},"excerpt":{"rendered":"<p>No \u00faltimo s\u00e1bado (13\/4), a Prefeitura de Contagem, por meio da Secretaria Municipal de Sa\u00fade, entregou, \u00e0 popula\u00e7\u00e3o do Nacional, a Unidade B\u00e1sica de Sa\u00fade (UBS) Joaquim Murtinho. A solenidade de inaugura\u00e7\u00e3o aconteceu \u00e0s 9h, na pr\u00f3pria UBS (rua L\u00facia Muniz esquina com a rua 1\u00ba de Maio, n\u00ba 476, bairro Nacional). Com capacidade para [&hellip;]<\/p>\n","protected":false},"author":1,"featured_media":0,"comment_status":"open","ping_status":"open","sticky":false,"template":"","format":"standard","meta":{"footnotes":""},"categories":[6],"tags":[],"class_list":["post-409","post","type-post","status-publish","format-standard","hentry","category-noticias"],"_links":{"self":[{"href":"https:\/\/www.encontracontagem.com.br\/noticias\/wp-json\/wp\/v2\/posts\/409","targetHints":{"allow":["GET"]}}],"collection":[{"href":"https:\/\/www.encontracontagem.com.br\/noticias\/wp-json\/wp\/v2\/posts"}],"about":[{"href":"https:\/\/www.encontracontagem.com.br\/noticias\/wp-json\/wp\/v2\/types\/post"}],"author":[{"embeddable":true,"href":"https:\/\/www.encontracontagem.com.br\/noticias\/wp-json\/wp\/v2\/users\/1"}],"replies":[{"embeddable":true,"href":"https:\/\/www.encontracontagem.com.br\/noticias\/wp-json\/wp\/v2\/comments?post=409"}],"version-history":[{"count":2,"href":"https:\/\/www.encontracontagem.com.br\/noticias\/wp-json\/wp\/v2\/posts\/409\/revisions"}],"predecessor-version":[{"id":698,"href":"https:\/\/www.encontracontagem.com.br\/noticias\/wp-json\/wp\/v2\/posts\/409\/revisions\/698"}],"wp:attachment":[{"href":"https:\/\/www.encontracontagem.com.br\/noticias\/wp-json\/wp\/v2\/media?parent=409"}],"wp:term":[{"taxonomy":"category","embeddable":true,"href":"https:\/\/www.encontracontagem.com.br\/noticias\/wp-json\/wp\/v2\/categories?post=409"},{"taxonomy":"post_tag","embeddable":true,"href":"https:\/\/www.encontracontagem.com.br\/noticias\/wp-json\/wp\/v2\/tags?post=409"}],"curies":[{"name":"wp","href":"https:\/\/api.w.org\/{rel}","templated":true}]}}