{"id":407,"date":"2013-04-17T01:04:46","date_gmt":"2013-04-17T01:04:46","guid":{"rendered":"http:\/\/www.encontracontagem.com.br\/noticias\/?p=407"},"modified":"2013-08-19T12:06:17","modified_gmt":"2013-08-19T12:06:17","slug":"contagem-pagara-o-piso-nacional-aos-agentes-de-endemias","status":"publish","type":"post","link":"https:\/\/www.encontracontagem.com.br\/noticias\/contagem-pagara-o-piso-nacional-aos-agentes-de-endemias\/","title":{"rendered":"Contagem pagar\u00e1 o piso nacional aos agentes de endemias"},"content":{"rendered":"<p>O prefeito Carlin Moura anunciou o pagamento do piso salarial nacional para os agentes comunit\u00e1rios de endemias, durante evento no Sest\/Senat, na tarde da \u00faltima sexta-feira (12\/4). Compareceram ao evento os 256 agentes comunit\u00e1rios de endemias do munic\u00edpio, que passar\u00e3o a receber R$ 950,00, al\u00e9m do vale-alimenta\u00e7\u00e3o R$ 180,00. No total, R$ 1.130,00.<\/p>\n<p>&#8220;Estamos em uma guerra contra a dengue. Os agentes comunit\u00e1rios enfrentam essa batalha no dia a dia, com muita dedica\u00e7\u00e3o. Nada mais justo que recebam o piso nacional. O combate \u00e0 dengue s\u00f3 \u00e9 poss\u00edvel se voc\u00eas forem valorizados&#8221;, afirmou o prefeito.<\/p>\n<p>O secret\u00e1rio de Sa\u00fade, Ricardo Faria, valorizou o trabalho dos agentes de sa\u00fade. &#8220;Sou testemunha da capacidade de trabalho dos nossos agentes. Eles enfrentam sol, chuva, animais, com muita dedica\u00e7\u00e3o e empenho&#8221;.<\/p>\n<p>O prefeito Carlin Moura ressaltou a import\u00e2ncia de conscientizar os moradores do trabalho feito pelos agentes. &#8220;Alertamos e orientamos os moradores a aceitarem as visitas dos agentes, devidamente credenciados. Os focos de dengue est\u00e3o dentro dos domic\u00edlios, e t\u00eam de ser combatidos&#8221;.<\/p>\n<p>Ap\u00f3s o encontro, os agentes comunit\u00e1rios de endemias receberam os novos uniformes na cidade de Contagem e trabalho.<\/p>\n<p><em>Fonte: Prefeitura Contagem<\/em><\/p>\n","protected":false},"excerpt":{"rendered":"<p>O prefeito Carlin Moura anunciou o pagamento do piso salarial nacional para os agentes comunit\u00e1rios de endemias, durante evento no Sest\/Senat, na tarde da \u00faltima sexta-feira (12\/4). Compareceram ao evento os 256 agentes comunit\u00e1rios de endemias do munic\u00edpio, que passar\u00e3o a receber R$ 950,00, al\u00e9m do vale-alimenta\u00e7\u00e3o R$ 180,00. No total, R$ 1.130,00. &#8220;Estamos em [&hellip;]<\/p>\n","protected":false},"author":1,"featured_media":0,"comment_status":"open","ping_status":"open","sticky":false,"template":"","format":"standard","meta":{"footnotes":""},"categories":[6],"tags":[],"class_list":["post-407","post","type-post","status-publish","format-standard","hentry","category-noticias"],"_links":{"self":[{"href":"https:\/\/www.encontracontagem.com.br\/noticias\/wp-json\/wp\/v2\/posts\/407","targetHints":{"allow":["GET"]}}],"collection":[{"href":"https:\/\/www.encontracontagem.com.br\/noticias\/wp-json\/wp\/v2\/posts"}],"about":[{"href":"https:\/\/www.encontracontagem.com.br\/noticias\/wp-json\/wp\/v2\/types\/post"}],"author":[{"embeddable":true,"href":"https:\/\/www.encontracontagem.com.br\/noticias\/wp-json\/wp\/v2\/users\/1"}],"replies":[{"embeddable":true,"href":"https:\/\/www.encontracontagem.com.br\/noticias\/wp-json\/wp\/v2\/comments?post=407"}],"version-history":[{"count":2,"href":"https:\/\/www.encontracontagem.com.br\/noticias\/wp-json\/wp\/v2\/posts\/407\/revisions"}],"predecessor-version":[{"id":711,"href":"https:\/\/www.encontracontagem.com.br\/noticias\/wp-json\/wp\/v2\/posts\/407\/revisions\/711"}],"wp:attachment":[{"href":"https:\/\/www.encontracontagem.com.br\/noticias\/wp-json\/wp\/v2\/media?parent=407"}],"wp:term":[{"taxonomy":"category","embeddable":true,"href":"https:\/\/www.encontracontagem.com.br\/noticias\/wp-json\/wp\/v2\/categories?post=407"},{"taxonomy":"post_tag","embeddable":true,"href":"https:\/\/www.encontracontagem.com.br\/noticias\/wp-json\/wp\/v2\/tags?post=407"}],"curies":[{"name":"wp","href":"https:\/\/api.w.org\/{rel}","templated":true}]}}