{"id":403,"date":"2013-04-10T11:52:35","date_gmt":"2013-04-10T11:52:35","guid":{"rendered":"http:\/\/www.encontracontagem.com.br\/noticias\/?p=403"},"modified":"2013-08-19T12:06:17","modified_gmt":"2013-08-19T12:06:17","slug":"contagem-estara-presente-no-congresso-brasileiro-de-capsi","status":"publish","type":"post","link":"https:\/\/www.encontracontagem.com.br\/noticias\/contagem-estara-presente-no-congresso-brasileiro-de-capsi\/","title":{"rendered":"Contagem estar\u00e1 presente no Congresso Brasileiro de Capsi"},"content":{"rendered":"<p>A <a title=\"Prefeitura de Contagem\" href=\"http:\/\/www.encontracontagem.com.br\/contagem\/prefeitura-municipal-de-contagem.shtml\" target=\"_blank\">Prefeitura de Contagem<\/a> participa at\u00e9 amanh\u00e3, 11\/4, do Congresso Nacional de Capsi, que \u00e9 realizado na cidade do Rio de Janeiro. No evento, profissionais dos Centros de Aten\u00e7\u00e3o Psicossocial Infantil dos munic\u00edpios brasileiros participar\u00e3o de oficinas, mesas redondas, rodas de conversa e apresenta\u00e7\u00e3o de trabalhos sobre experi\u00eancias e projetos no setor.<\/p>\n<p>No Congresso, profissionais do Capsi de Contagem apresentar\u00e3o um trabalho de relato de experi\u00eancias vivenciados pelo munic\u00edpio. Ser\u00e3o apresentados projetos intersetoriais envolvendo as crian\u00e7as e adolescentes atendidos pelo Capsi, dentre eles, os passeios pela cidade para apresentar-lhes as pra\u00e7as e parques do munic\u00edpio, as oficinas da educa\u00e7\u00e3o no Capsi e visitas ao Espa\u00e7o do Saber, um local de 500 metros quadrados, com capacidade para atender em torno de 500 jovens por dia, ofertando um telecentro, sala de leitura com revistas e jornais peri\u00f3dicos, gibis e livros infantis, salas de jogos, oficinas art\u00edsticas culturais e um cineclube.<\/p>\n<p>O Congresso versar\u00e1 sobre as seguintes tem\u00e1ticas: O lugar da aten\u00e7\u00e3o psicossocial no SUS, o mandato cl\u00ednico-territorial do Capsi e a constru\u00e7\u00e3o da rede ampliada de aten\u00e7\u00e3o e a intersetorialidade.<\/p>\n<p><em>Fonte: Prefeitura Contagem<\/em><\/p>\n","protected":false},"excerpt":{"rendered":"<p>A Prefeitura de Contagem participa at\u00e9 amanh\u00e3, 11\/4, do Congresso Nacional de Capsi, que \u00e9 realizado na cidade do Rio de Janeiro. No evento, profissionais dos Centros de Aten\u00e7\u00e3o Psicossocial Infantil dos munic\u00edpios brasileiros participar\u00e3o de oficinas, mesas redondas, rodas de conversa e apresenta\u00e7\u00e3o de trabalhos sobre experi\u00eancias e projetos no setor. No Congresso, profissionais [&hellip;]<\/p>\n","protected":false},"author":1,"featured_media":0,"comment_status":"open","ping_status":"open","sticky":false,"template":"","format":"standard","meta":{"footnotes":""},"categories":[6],"tags":[],"class_list":["post-403","post","type-post","status-publish","format-standard","hentry","category-noticias"],"_links":{"self":[{"href":"https:\/\/www.encontracontagem.com.br\/noticias\/wp-json\/wp\/v2\/posts\/403","targetHints":{"allow":["GET"]}}],"collection":[{"href":"https:\/\/www.encontracontagem.com.br\/noticias\/wp-json\/wp\/v2\/posts"}],"about":[{"href":"https:\/\/www.encontracontagem.com.br\/noticias\/wp-json\/wp\/v2\/types\/post"}],"author":[{"embeddable":true,"href":"https:\/\/www.encontracontagem.com.br\/noticias\/wp-json\/wp\/v2\/users\/1"}],"replies":[{"embeddable":true,"href":"https:\/\/www.encontracontagem.com.br\/noticias\/wp-json\/wp\/v2\/comments?post=403"}],"version-history":[{"count":3,"href":"https:\/\/www.encontracontagem.com.br\/noticias\/wp-json\/wp\/v2\/posts\/403\/revisions"}],"predecessor-version":[{"id":710,"href":"https:\/\/www.encontracontagem.com.br\/noticias\/wp-json\/wp\/v2\/posts\/403\/revisions\/710"}],"wp:attachment":[{"href":"https:\/\/www.encontracontagem.com.br\/noticias\/wp-json\/wp\/v2\/media?parent=403"}],"wp:term":[{"taxonomy":"category","embeddable":true,"href":"https:\/\/www.encontracontagem.com.br\/noticias\/wp-json\/wp\/v2\/categories?post=403"},{"taxonomy":"post_tag","embeddable":true,"href":"https:\/\/www.encontracontagem.com.br\/noticias\/wp-json\/wp\/v2\/tags?post=403"}],"curies":[{"name":"wp","href":"https:\/\/api.w.org\/{rel}","templated":true}]}}