{"id":401,"date":"2013-04-10T11:50:42","date_gmt":"2013-04-10T11:50:42","guid":{"rendered":"http:\/\/www.encontracontagem.com.br\/noticias\/?p=401"},"modified":"2013-08-19T12:06:17","modified_gmt":"2013-08-19T12:06:17","slug":"contagem-se-integra-ao-programa-de-intervencao-pedagogica","status":"publish","type":"post","link":"https:\/\/www.encontracontagem.com.br\/noticias\/contagem-se-integra-ao-programa-de-intervencao-pedagogica\/","title":{"rendered":"Contagem se integra ao Programa de Interven\u00e7\u00e3o Pedag\u00f3gica"},"content":{"rendered":"<p>Representantes da Prefeitura de Contagem estiveram, nos dias 25, 26 e 27\/3, no Hotel Ouro Minas, para a primeira forma\u00e7\u00e3o do Programa de Interven\u00e7\u00e3o Pedag\u00f3gica da Rede Estadual de Ensino (PIP). O encontro capacitou os respons\u00e1veis pela implementa\u00e7\u00e3o do programa nos munic\u00edpios. De acordo com a coordenadora de Educa\u00e7\u00e3o B\u00e1sica da Secretaria Municipal de Educa\u00e7\u00e3o na cidade de Contagem, Ana Paula Fernandes, o principal objetivo do encontro foi somar esfor\u00e7os para alfabetizar as crian\u00e7as de at\u00e9 os oito anos.<\/p>\n<p>Na avalia\u00e7\u00e3o da equipe, a forma\u00e7\u00e3o foi positiva e espera-se \u00eaxito na parceria, j\u00e1 que o programa faz parte do processo de expans\u00e3o do PIP na rede p\u00fablica de educa\u00e7\u00e3o em Guia Minas Gerais.<\/p>\n<p><strong>Programa de Interven\u00e7\u00e3o Pedag\u00f3gica<\/strong><\/p>\n<p>O PIP foi lan\u00e7ado em 2006 para dar suporte aos alunos dos anos iniciais do ensino fundamental, com avalia\u00e7\u00f5es e acompanhamentos voltados ao aprendizado da l\u00edngua portuguesa e da matem\u00e1tica, abrangendo, inicialmente, as escolas da rede estadual. No \u00e2mbito das redes municipais de ensino, dar\u00e1 aos alunos de 6 a 10 anos a oportunidade de se desenvolverem em rela\u00e7\u00e3o \u00e0 escrita, \u00e0 leitura e ao aprendizado da matem\u00e1tica, essencial para uma educa\u00e7\u00e3o de qualidade.<\/p>\n<p><em>Fonte: Prefeitura Contagem<\/em><\/p>\n","protected":false},"excerpt":{"rendered":"<p>Representantes da Prefeitura de Contagem estiveram, nos dias 25, 26 e 27\/3, no Hotel Ouro Minas, para a primeira forma\u00e7\u00e3o do Programa de Interven\u00e7\u00e3o Pedag\u00f3gica da Rede Estadual de Ensino (PIP). O encontro capacitou os respons\u00e1veis pela implementa\u00e7\u00e3o do programa nos munic\u00edpios. De acordo com a coordenadora de Educa\u00e7\u00e3o B\u00e1sica da Secretaria Municipal de Educa\u00e7\u00e3o [&hellip;]<\/p>\n","protected":false},"author":1,"featured_media":0,"comment_status":"open","ping_status":"open","sticky":false,"template":"","format":"standard","meta":{"footnotes":""},"categories":[6],"tags":[],"class_list":["post-401","post","type-post","status-publish","format-standard","hentry","category-noticias"],"_links":{"self":[{"href":"https:\/\/www.encontracontagem.com.br\/noticias\/wp-json\/wp\/v2\/posts\/401","targetHints":{"allow":["GET"]}}],"collection":[{"href":"https:\/\/www.encontracontagem.com.br\/noticias\/wp-json\/wp\/v2\/posts"}],"about":[{"href":"https:\/\/www.encontracontagem.com.br\/noticias\/wp-json\/wp\/v2\/types\/post"}],"author":[{"embeddable":true,"href":"https:\/\/www.encontracontagem.com.br\/noticias\/wp-json\/wp\/v2\/users\/1"}],"replies":[{"embeddable":true,"href":"https:\/\/www.encontracontagem.com.br\/noticias\/wp-json\/wp\/v2\/comments?post=401"}],"version-history":[{"count":3,"href":"https:\/\/www.encontracontagem.com.br\/noticias\/wp-json\/wp\/v2\/posts\/401\/revisions"}],"predecessor-version":[{"id":705,"href":"https:\/\/www.encontracontagem.com.br\/noticias\/wp-json\/wp\/v2\/posts\/401\/revisions\/705"}],"wp:attachment":[{"href":"https:\/\/www.encontracontagem.com.br\/noticias\/wp-json\/wp\/v2\/media?parent=401"}],"wp:term":[{"taxonomy":"category","embeddable":true,"href":"https:\/\/www.encontracontagem.com.br\/noticias\/wp-json\/wp\/v2\/categories?post=401"},{"taxonomy":"post_tag","embeddable":true,"href":"https:\/\/www.encontracontagem.com.br\/noticias\/wp-json\/wp\/v2\/tags?post=401"}],"curies":[{"name":"wp","href":"https:\/\/api.w.org\/{rel}","templated":true}]}}