{"id":396,"date":"2013-04-04T12:08:10","date_gmt":"2013-04-04T12:08:10","guid":{"rendered":"http:\/\/www.encontracontagem.com.br\/noticias\/?p=396"},"modified":"2013-08-19T12:06:16","modified_gmt":"2013-08-19T12:06:16","slug":"diabeticos-nao-encontram-itens-para-tratamento-no-sus-em-contagem","status":"publish","type":"post","link":"https:\/\/www.encontracontagem.com.br\/noticias\/diabeticos-nao-encontram-itens-para-tratamento-no-sus-em-contagem\/","title":{"rendered":"Diab\u00e9ticos n\u00e3o encontram itens para tratamento no SUS em Contagem"},"content":{"rendered":"<p>Moradores de Contagem, Grande BH, est\u00e3o h\u00e1 mais de quatro meses sem um dos principais itens para o tratamento da diabetes: as fitas medidoras de glicose, que devem ser distribu\u00eddas gratuitamente para pacientes cadastrados no Sistema \u00danico de Sa\u00fade (SUS). Segundo a Secretaria Municipal de Sa\u00fade, o problema est\u00e1 acontecendo por causa da troca dos aparelhos que fazem essa medi\u00e7\u00e3o e, consequentemente, as tiras reagentes tamb\u00e9m s\u00e3o mudadas.<\/p>\n<p>Preocupada com a situa\u00e7\u00e3o de sua filha, de 14 anos, que \u00e9 portadora da Diabetes tipo 1, Maria Fernanda Silva Fernandes, de 37, revela que est\u00e1 tendo que se virar para conseguir comprar a fita j\u00e1 que a menina n\u00e3o pode ficar nem um dia sem medir o seu n\u00edvel de glicose. Ela tem que fazer em m\u00e9dia seis medi\u00e7\u00f5es di\u00e1rias e uma caixa do produto, que custa R$ 90, dura 10 dias.<\/p>\n<p>O vendedor ambulante Anderson Givanildo Santana, morador do Bairro \u00c1gua Branca, tamb\u00e9m tem um filho de 14 anos que usa um medidor de glicemia e passa pelo mesmo problema. &#8220;Nos \u00faltimos dias ele est\u00e1 sem fazer essa medi\u00e7\u00e3o&#8221;, revela.<\/p>\n<p>A Secretaria de Sa\u00fade na Cidade de Contagem explica que a troca dos aparelhos est\u00e1 ocorrendo de acordo com a disponibilidade de aparelhos enviados pela Secretaria de Estado de Sa\u00fade. Eles afirmam que a unidade de sa\u00fade onde o usu\u00e1rio est\u00e1 cadastrado vai entrar em contato para a entrega do material assim que estiver dispon\u00edvel.<\/p>\n<p><em>Fonte: Portal Em<\/em><\/p>\n","protected":false},"excerpt":{"rendered":"<p>Moradores de Contagem, Grande BH, est\u00e3o h\u00e1 mais de quatro meses sem um dos principais itens para o tratamento da diabetes: as fitas medidoras de glicose, que devem ser distribu\u00eddas gratuitamente para pacientes cadastrados no Sistema \u00danico de Sa\u00fade (SUS). Segundo a Secretaria Municipal de Sa\u00fade, o problema est\u00e1 acontecendo por causa da troca dos [&hellip;]<\/p>\n","protected":false},"author":1,"featured_media":0,"comment_status":"open","ping_status":"open","sticky":false,"template":"","format":"standard","meta":{"footnotes":""},"categories":[6],"tags":[],"class_list":["post-396","post","type-post","status-publish","format-standard","hentry","category-noticias"],"_links":{"self":[{"href":"https:\/\/www.encontracontagem.com.br\/noticias\/wp-json\/wp\/v2\/posts\/396","targetHints":{"allow":["GET"]}}],"collection":[{"href":"https:\/\/www.encontracontagem.com.br\/noticias\/wp-json\/wp\/v2\/posts"}],"about":[{"href":"https:\/\/www.encontracontagem.com.br\/noticias\/wp-json\/wp\/v2\/types\/post"}],"author":[{"embeddable":true,"href":"https:\/\/www.encontracontagem.com.br\/noticias\/wp-json\/wp\/v2\/users\/1"}],"replies":[{"embeddable":true,"href":"https:\/\/www.encontracontagem.com.br\/noticias\/wp-json\/wp\/v2\/comments?post=396"}],"version-history":[{"count":3,"href":"https:\/\/www.encontracontagem.com.br\/noticias\/wp-json\/wp\/v2\/posts\/396\/revisions"}],"predecessor-version":[{"id":398,"href":"https:\/\/www.encontracontagem.com.br\/noticias\/wp-json\/wp\/v2\/posts\/396\/revisions\/398"}],"wp:attachment":[{"href":"https:\/\/www.encontracontagem.com.br\/noticias\/wp-json\/wp\/v2\/media?parent=396"}],"wp:term":[{"taxonomy":"category","embeddable":true,"href":"https:\/\/www.encontracontagem.com.br\/noticias\/wp-json\/wp\/v2\/categories?post=396"},{"taxonomy":"post_tag","embeddable":true,"href":"https:\/\/www.encontracontagem.com.br\/noticias\/wp-json\/wp\/v2\/tags?post=396"}],"curies":[{"name":"wp","href":"https:\/\/api.w.org\/{rel}","templated":true}]}}