{"id":382,"date":"2013-03-20T13:22:02","date_gmt":"2013-03-20T13:22:02","guid":{"rendered":"http:\/\/www.encontracontagem.com.br\/noticias\/?p=382"},"modified":"2013-08-19T12:06:15","modified_gmt":"2013-08-19T12:06:15","slug":"homem-assalta-onibus-e-e-preso-apos-ser-perseguido-por-passageiros-em-contagem","status":"publish","type":"post","link":"https:\/\/www.encontracontagem.com.br\/noticias\/homem-assalta-onibus-e-e-preso-apos-ser-perseguido-por-passageiros-em-contagem\/","title":{"rendered":"Homem assalta \u00f4nibus e \u00e9 preso ap\u00f3s ser perseguido por passageiros em Contagem"},"content":{"rendered":"<p>Um homem de 30 anos foi preso e outro est\u00e1 foragido depois de um assalto a um \u00f4nibus na madrugada desta quarta-feira na BR-381 em Contagem. O assaltante detido detido ap\u00f3s ser perseguido por passageiros.<\/p>\n<p>Segundo a Pol\u00edcia Militar (PM), a dupla embarcou em um coletivo da linha 3298 (Betim\/Encontra Belo Horizonte) no Bairro Cidade Industrial. Quando o coletivo parou na BR-381 para que um passageiro pudesse descer, os homens anunciaram o assalto, recolhendo os pertences das v\u00edtimas. Quando a dupla se preparava para fugir, os passageiros perceberam que os homens estavam desarmados. O cobrador e os passageiros perseguiram os criminosos.<\/p>\n<p>Um deles conseguiu fugir com os produtos roubados. No entanto, Neomar Carvalho Xavier correu para a passarela do Bairro Bandeirantes e, ao tentar pular, acabou caindo. O Servi\u00e7o de Atendimento M\u00f3vel de Urg\u00eancia (Samu) precisou ser acionado para socorrer o suspeito, que foi levado para a Policl\u00ednica do Bairro Ressaca. Ap\u00f3s ser atendido, ele foi encaminhado \u00e0 Delegacia de Plant\u00e3o na Cidade de Contagem.<\/p>\n<p><em>Fonte: Portal Em<\/em><\/p>\n","protected":false},"excerpt":{"rendered":"<p>Um homem de 30 anos foi preso e outro est\u00e1 foragido depois de um assalto a um \u00f4nibus na madrugada desta quarta-feira na BR-381 em Contagem. O assaltante detido detido ap\u00f3s ser perseguido por passageiros. Segundo a Pol\u00edcia Militar (PM), a dupla embarcou em um coletivo da linha 3298 (Betim\/Encontra Belo Horizonte) no Bairro Cidade [&hellip;]<\/p>\n","protected":false},"author":1,"featured_media":0,"comment_status":"open","ping_status":"open","sticky":false,"template":"","format":"standard","meta":{"footnotes":""},"categories":[6],"tags":[],"class_list":["post-382","post","type-post","status-publish","format-standard","hentry","category-noticias"],"_links":{"self":[{"href":"https:\/\/www.encontracontagem.com.br\/noticias\/wp-json\/wp\/v2\/posts\/382","targetHints":{"allow":["GET"]}}],"collection":[{"href":"https:\/\/www.encontracontagem.com.br\/noticias\/wp-json\/wp\/v2\/posts"}],"about":[{"href":"https:\/\/www.encontracontagem.com.br\/noticias\/wp-json\/wp\/v2\/types\/post"}],"author":[{"embeddable":true,"href":"https:\/\/www.encontracontagem.com.br\/noticias\/wp-json\/wp\/v2\/users\/1"}],"replies":[{"embeddable":true,"href":"https:\/\/www.encontracontagem.com.br\/noticias\/wp-json\/wp\/v2\/comments?post=382"}],"version-history":[{"count":4,"href":"https:\/\/www.encontracontagem.com.br\/noticias\/wp-json\/wp\/v2\/posts\/382\/revisions"}],"predecessor-version":[{"id":660,"href":"https:\/\/www.encontracontagem.com.br\/noticias\/wp-json\/wp\/v2\/posts\/382\/revisions\/660"}],"wp:attachment":[{"href":"https:\/\/www.encontracontagem.com.br\/noticias\/wp-json\/wp\/v2\/media?parent=382"}],"wp:term":[{"taxonomy":"category","embeddable":true,"href":"https:\/\/www.encontracontagem.com.br\/noticias\/wp-json\/wp\/v2\/categories?post=382"},{"taxonomy":"post_tag","embeddable":true,"href":"https:\/\/www.encontracontagem.com.br\/noticias\/wp-json\/wp\/v2\/tags?post=382"}],"curies":[{"name":"wp","href":"https:\/\/api.w.org\/{rel}","templated":true}]}}