{"id":378,"date":"2013-03-15T01:59:54","date_gmt":"2013-03-15T01:59:54","guid":{"rendered":"http:\/\/www.encontracontagem.com.br\/noticias\/?p=378"},"modified":"2013-08-19T12:06:14","modified_gmt":"2013-08-19T12:06:14","slug":"exposicao-de-orquideas-em-contagem-reune-mais-de-500-especies","status":"publish","type":"post","link":"https:\/\/www.encontracontagem.com.br\/noticias\/exposicao-de-orquideas-em-contagem-reune-mais-de-500-especies\/","title":{"rendered":"Exposi\u00e7\u00e3o de orqu\u00eddeas em Contagem re\u00fane mais de 500 esp\u00e9cies"},"content":{"rendered":"<p>Mais de 500 esp\u00e9cies de orqu\u00eddeas estiveram em exposi\u00e7\u00e3o nos dias 8, 9 e 10 de mar\u00e7o, no Sesc Laces Contagem. Quem passou pelo evento na cidade de Contagem, al\u00e9m de contemplar as belezas naturais, p\u00f4de participar de oficinas de no\u00e7\u00f5es b\u00e1sicas de plantio, cultivo, rega e aduba\u00e7\u00e3o de orqu\u00eddeas e reciclagem de papel. As crian\u00e7as tamb\u00e9m tiveram atra\u00e7\u00f5es como conta\u00e7\u00e3o de est\u00f3rias com o mascote Zecol\u00f3gico. A 8\u00aa exposi\u00e7\u00e3o de Orqu\u00eddeas foi uma realiza\u00e7\u00e3o da <a title=\"Prefeitura de Contagem\" href=\"http:\/\/www.encontracontagem.com.br\/contagem\/prefeitura-municipal-de-contagem.shtml\" target=\"_blank\">Prefeitura de Contagem<\/a>, por meio da Secretaria Municipal de Meio Ambiente, da Fecom\u00e9rcio, do Sesc-MG e da Associa\u00e7\u00e3o Orquid\u00f3fila de Contagem.<\/p>\n<p>Associa\u00e7\u00f5es de orquid\u00f3filos da cidade de Belo Horizonte, Lagoa Santa, Itaguara, Lavras, Vespasiano, Sete Lagoas e Divin\u00f3polis expuseram no evento. Os dez melhores exemplares de orqu\u00eddeas foram premiados. Foram avaliados os crit\u00e9rios de cultivo das flores, estado fitossanit\u00e1rio em dia, sem pragas, tonalidade uniforme, simetria perfeita, entre outras.<\/p>\n<p>Para o secret\u00e1rio de Meio Ambiente, Ivayr Soalheiro, a exposi\u00e7\u00e3o amplia o conhecimento da popula\u00e7\u00e3o. &#8220;Na exposi\u00e7\u00e3o, podemos apresentar os diversos tipos de orqu\u00eddeas para a popula\u00e7\u00e3o e ensinar a forma de cultivo&#8221;, destacou.<\/p>\n<p>Segundo explicou a presidente da Associa\u00e7\u00e3o Orquid\u00f3fila de Contagem, Maria Ail\u00e2ndia dos Santos Pereira, existem mais de 35 mil esp\u00e9cies de orqu\u00eddeas no mundo. &#8220;Somos 300 associados, e nem todos puderam trazer as mudas, pois nem todas florescem na mesma \u00e9poca. Hoje, temos exemplares da \u00c1sia, Am\u00e9rica e do Brasil. Todas as pessoas que passaram por aqui puderam conhecer sobre a preserva\u00e7\u00e3o das plantas e adquirir mudas a pre\u00e7os mais baixos&#8221;, disse.<\/p>\n<p>A moradora do bairro Monte Castelo, Maria da Penha C\u00e9sar, participou pela primeira vez da exposi\u00e7\u00e3o e ficou encantada. &#8220;\u00c9 uma sensa\u00e7\u00e3o muito boa, de bem-estar, estar rodeada de flores. Al\u00e9m claro, das informa\u00e7\u00f5es que peguei para conservar minhas orqu\u00eddeas. Vou me tornar adepta do cultivo&#8221;, disse.<\/p>\n<p><em>Fonte: Prefeitura Contagem<\/em><\/p>\n","protected":false},"excerpt":{"rendered":"<p>Mais de 500 esp\u00e9cies de orqu\u00eddeas estiveram em exposi\u00e7\u00e3o nos dias 8, 9 e 10 de mar\u00e7o, no Sesc Laces Contagem. Quem passou pelo evento na cidade de Contagem, al\u00e9m de contemplar as belezas naturais, p\u00f4de participar de oficinas de no\u00e7\u00f5es b\u00e1sicas de plantio, cultivo, rega e aduba\u00e7\u00e3o de orqu\u00eddeas e reciclagem de papel. As [&hellip;]<\/p>\n","protected":false},"author":1,"featured_media":0,"comment_status":"open","ping_status":"open","sticky":false,"template":"","format":"standard","meta":{"footnotes":""},"categories":[6],"tags":[],"class_list":["post-378","post","type-post","status-publish","format-standard","hentry","category-noticias"],"_links":{"self":[{"href":"https:\/\/www.encontracontagem.com.br\/noticias\/wp-json\/wp\/v2\/posts\/378","targetHints":{"allow":["GET"]}}],"collection":[{"href":"https:\/\/www.encontracontagem.com.br\/noticias\/wp-json\/wp\/v2\/posts"}],"about":[{"href":"https:\/\/www.encontracontagem.com.br\/noticias\/wp-json\/wp\/v2\/types\/post"}],"author":[{"embeddable":true,"href":"https:\/\/www.encontracontagem.com.br\/noticias\/wp-json\/wp\/v2\/users\/1"}],"replies":[{"embeddable":true,"href":"https:\/\/www.encontracontagem.com.br\/noticias\/wp-json\/wp\/v2\/comments?post=378"}],"version-history":[{"count":5,"href":"https:\/\/www.encontracontagem.com.br\/noticias\/wp-json\/wp\/v2\/posts\/378\/revisions"}],"predecessor-version":[{"id":659,"href":"https:\/\/www.encontracontagem.com.br\/noticias\/wp-json\/wp\/v2\/posts\/378\/revisions\/659"}],"wp:attachment":[{"href":"https:\/\/www.encontracontagem.com.br\/noticias\/wp-json\/wp\/v2\/media?parent=378"}],"wp:term":[{"taxonomy":"category","embeddable":true,"href":"https:\/\/www.encontracontagem.com.br\/noticias\/wp-json\/wp\/v2\/categories?post=378"},{"taxonomy":"post_tag","embeddable":true,"href":"https:\/\/www.encontracontagem.com.br\/noticias\/wp-json\/wp\/v2\/tags?post=378"}],"curies":[{"name":"wp","href":"https:\/\/api.w.org\/{rel}","templated":true}]}}