{"id":376,"date":"2013-03-14T15:56:37","date_gmt":"2013-03-14T15:56:37","guid":{"rendered":"http:\/\/www.encontracontagem.com.br\/noticias\/?p=376"},"modified":"2013-08-19T12:06:16","modified_gmt":"2013-08-19T12:06:16","slug":"contagem-participa-de-encontro-nacional-das-ouvidorias-do-sus","status":"publish","type":"post","link":"https:\/\/www.encontracontagem.com.br\/noticias\/contagem-participa-de-encontro-nacional-das-ouvidorias-do-sus\/","title":{"rendered":"Contagem participa de encontro nacional das ouvidorias do SUS"},"content":{"rendered":"<p>O munic\u00edpio de Contagem foi o \u00fanico do estado a ser convidado a participar do 1\u00ba Encontro Trimestral 2013 das Ouvidorias do SUS, nos dias 5 e 6\/3, em Bras\u00edlia. A ouvidora municipal do SUS, Ma\u00edlda Lima, representou a <a title=\"Prefeitura de Contagem\" href=\"http:\/\/www.encontracontagem.com.br\/contagem\/prefeitura-municipal-de-contagem.shtml\" target=\"_blank\">prefeitura de Contagem<\/a> no evento. O convite foi feito pelo Minist\u00e9rio da Sa\u00fade e pela Secretaria Estadual da Sa\u00fade, devido ao reconhecimento pelo excelente trabalho que a ouvidoria municipal vem desenvolvendo na cidade.<\/p>\n<p>Durante o encontro, foi feito o balan\u00e7o das a\u00e7\u00f5es realizadas em 2012 e o planejamento conjunto das a\u00e7\u00f5es do Sistema Nacional de Ouvidorias para 2013. Cada uma das federa\u00e7\u00f5es participantes apresentou seu balan\u00e7o anual. A ouvidoria de Contagem apresentou as v\u00e1rias a\u00e7\u00f5es desenvolvidas no munic\u00edpio, entre elas a reforma do espa\u00e7o, capacita\u00e7\u00e3o dos inspetores de sa\u00fade para a tem\u00e1tica, acolhimento e humaniza\u00e7\u00e3o no atendimento, proposi\u00e7\u00e3o de medidas corretivas para os problemas apresentadas pelos cidad\u00e3os e parcerias realizadas com movimentos sociais.<\/p>\n<p>O evento tamb\u00e9m contou com roda de conversa para an\u00e1lise da conjuntura, discuss\u00e3o em grupo das estrat\u00e9gias para monitoramento das ouvidorias implantadas, projeto de qualifica\u00e7\u00e3o das ouvidorias estaduais em 2012 e avalia\u00e7\u00e3o do 1\u00ba Encontro Trimestral 2013.<\/p>\n<p>A ouvidora da Secretaria Municipal de Sa\u00fade na Cidade de Contagem, Ma\u00edlda Lima, considerou importante a participa\u00e7\u00e3o no encontro. &#8220;Na ocasi\u00e3o informamos ao minist\u00e9rio que o secret\u00e1rio de Sa\u00fade, Ricardo Faria, referenda o trabalho da ouvidoria, o que nos permite atender ao convite de compor o f\u00f3rum e contribuir no planejamento dos estados. Nos colocamos \u00e0 disposi\u00e7\u00e3o da Ouvidoria de Sa\u00fade de Minas Gerais para assessor\u00e1-los na sensibiliza\u00e7\u00e3o dos gestores em munic\u00edpios que ainda n\u00e3o possuem ouvidoria de sa\u00fade&#8221;, destacou.<\/p>\n<p><em>Fonte: Prefeitura Contagem<\/em><\/p>\n","protected":false},"excerpt":{"rendered":"<p>O munic\u00edpio de Contagem foi o \u00fanico do estado a ser convidado a participar do 1\u00ba Encontro Trimestral 2013 das Ouvidorias do SUS, nos dias 5 e 6\/3, em Bras\u00edlia. A ouvidora municipal do SUS, Ma\u00edlda Lima, representou a prefeitura de Contagem no evento. O convite foi feito pelo Minist\u00e9rio da Sa\u00fade e pela Secretaria [&hellip;]<\/p>\n","protected":false},"author":1,"featured_media":0,"comment_status":"open","ping_status":"open","sticky":false,"template":"","format":"standard","meta":{"footnotes":""},"categories":[6],"tags":[],"class_list":["post-376","post","type-post","status-publish","format-standard","hentry","category-noticias"],"_links":{"self":[{"href":"https:\/\/www.encontracontagem.com.br\/noticias\/wp-json\/wp\/v2\/posts\/376","targetHints":{"allow":["GET"]}}],"collection":[{"href":"https:\/\/www.encontracontagem.com.br\/noticias\/wp-json\/wp\/v2\/posts"}],"about":[{"href":"https:\/\/www.encontracontagem.com.br\/noticias\/wp-json\/wp\/v2\/types\/post"}],"author":[{"embeddable":true,"href":"https:\/\/www.encontracontagem.com.br\/noticias\/wp-json\/wp\/v2\/users\/1"}],"replies":[{"embeddable":true,"href":"https:\/\/www.encontracontagem.com.br\/noticias\/wp-json\/wp\/v2\/comments?post=376"}],"version-history":[{"count":2,"href":"https:\/\/www.encontracontagem.com.br\/noticias\/wp-json\/wp\/v2\/posts\/376\/revisions"}],"predecessor-version":[{"id":696,"href":"https:\/\/www.encontracontagem.com.br\/noticias\/wp-json\/wp\/v2\/posts\/376\/revisions\/696"}],"wp:attachment":[{"href":"https:\/\/www.encontracontagem.com.br\/noticias\/wp-json\/wp\/v2\/media?parent=376"}],"wp:term":[{"taxonomy":"category","embeddable":true,"href":"https:\/\/www.encontracontagem.com.br\/noticias\/wp-json\/wp\/v2\/categories?post=376"},{"taxonomy":"post_tag","embeddable":true,"href":"https:\/\/www.encontracontagem.com.br\/noticias\/wp-json\/wp\/v2\/tags?post=376"}],"curies":[{"name":"wp","href":"https:\/\/api.w.org\/{rel}","templated":true}]}}