{"id":363,"date":"2013-03-04T14:56:48","date_gmt":"2013-03-04T14:56:48","guid":{"rendered":"http:\/\/www.encontracontagem.com.br\/noticias\/?p=363"},"modified":"2013-08-19T12:06:16","modified_gmt":"2013-08-19T12:06:16","slug":"prefeitura-abre-processo-seletivo-para-contratar-professores-em-contagem","status":"publish","type":"post","link":"https:\/\/www.encontracontagem.com.br\/noticias\/prefeitura-abre-processo-seletivo-para-contratar-professores-em-contagem\/","title":{"rendered":"Prefeitura abre processo seletivo para contratar professores em Contagem"},"content":{"rendered":"<p>Est\u00e3o abertas as inscri\u00e7\u00f5es para o Processo Seletivo Simplificado (PSS) 02\/2013 que visa a contrata\u00e7\u00e3o de profissionais para os cargos de Professor de Educa\u00e7\u00e3o B\u00e1sica PEB 2, com forma\u00e7\u00e3o em filosofia, sociologia, arte e psicologia na cidade de Contagem. Os profissionais ser\u00e3o contratados para compor o quadro da Funda\u00e7\u00e3o de Ensino de Contagem (Funec).<\/p>\n<p>As inscri\u00e7\u00f5es podem ser feitas at\u00e9 o dia 15 de abril de 2013. O valor da taxa \u00e9 R$ 35,00.<\/p>\n<p>Para as pessoas que n\u00e3o t\u00eam acesso \u00e0 internet, a Funec disponibilizar\u00e1 computadores para que possam realizar suas inscri\u00e7\u00f5es, no seguinte endere\u00e7o: rua Portugal, n\u00ba 8, bairro Gl\u00f3ria, Contagem.<\/p>\n<p>Tamb\u00e9m est\u00e1 dispon\u00edvel o Edital, com disposi\u00e7\u00f5es sobre o regime de trabalho, o n\u00famero de vagas oferecidas, carga hor\u00e1ria, remunera\u00e7\u00e3o e outras informa\u00e7\u00f5es. O Processo Seletivo Simplificado constar\u00e1 apenas de uma etapa, envolvendo prova objetiva de car\u00e1ter eliminat\u00f3rio e classificat\u00f3rio, a ser\u00a0\u00a0 realizada dia 28 de abril de 2013. At\u00e9 5 (cinco) dias \u00fateis antes da data de realiza\u00e7\u00e3o da prova, a Funec divulgar\u00e1, no portal da prefeitura de Contagem, o Comprovante Definitivo de Inscri\u00e7\u00e3o (CDI) com a data, o hor\u00e1rio e local de realiza\u00e7\u00e3o das provas para consulta e impress\u00e3o pelo pr\u00f3prio candidato.<\/p>\n<p><em>Fonte: Prefeitura Contagem<\/em><\/p>\n","protected":false},"excerpt":{"rendered":"<p>Est\u00e3o abertas as inscri\u00e7\u00f5es para o Processo Seletivo Simplificado (PSS) 02\/2013 que visa a contrata\u00e7\u00e3o de profissionais para os cargos de Professor de Educa\u00e7\u00e3o B\u00e1sica PEB 2, com forma\u00e7\u00e3o em filosofia, sociologia, arte e psicologia na cidade de Contagem. Os profissionais ser\u00e3o contratados para compor o quadro da Funda\u00e7\u00e3o de Ensino de Contagem (Funec). As [&hellip;]<\/p>\n","protected":false},"author":1,"featured_media":0,"comment_status":"open","ping_status":"open","sticky":false,"template":"","format":"standard","meta":{"footnotes":""},"categories":[6],"tags":[],"class_list":["post-363","post","type-post","status-publish","format-standard","hentry","category-noticias"],"_links":{"self":[{"href":"https:\/\/www.encontracontagem.com.br\/noticias\/wp-json\/wp\/v2\/posts\/363","targetHints":{"allow":["GET"]}}],"collection":[{"href":"https:\/\/www.encontracontagem.com.br\/noticias\/wp-json\/wp\/v2\/posts"}],"about":[{"href":"https:\/\/www.encontracontagem.com.br\/noticias\/wp-json\/wp\/v2\/types\/post"}],"author":[{"embeddable":true,"href":"https:\/\/www.encontracontagem.com.br\/noticias\/wp-json\/wp\/v2\/users\/1"}],"replies":[{"embeddable":true,"href":"https:\/\/www.encontracontagem.com.br\/noticias\/wp-json\/wp\/v2\/comments?post=363"}],"version-history":[{"count":2,"href":"https:\/\/www.encontracontagem.com.br\/noticias\/wp-json\/wp\/v2\/posts\/363\/revisions"}],"predecessor-version":[{"id":692,"href":"https:\/\/www.encontracontagem.com.br\/noticias\/wp-json\/wp\/v2\/posts\/363\/revisions\/692"}],"wp:attachment":[{"href":"https:\/\/www.encontracontagem.com.br\/noticias\/wp-json\/wp\/v2\/media?parent=363"}],"wp:term":[{"taxonomy":"category","embeddable":true,"href":"https:\/\/www.encontracontagem.com.br\/noticias\/wp-json\/wp\/v2\/categories?post=363"},{"taxonomy":"post_tag","embeddable":true,"href":"https:\/\/www.encontracontagem.com.br\/noticias\/wp-json\/wp\/v2\/tags?post=363"}],"curies":[{"name":"wp","href":"https:\/\/api.w.org\/{rel}","templated":true}]}}