{"id":356,"date":"2013-02-26T15:44:32","date_gmt":"2013-02-26T15:44:32","guid":{"rendered":"http:\/\/www.encontracontagem.com.br\/noticias\/?p=356"},"modified":"2013-08-19T12:06:15","modified_gmt":"2013-08-19T12:06:15","slug":"prefeito-de-contagem-recebe-empresarios-franceses","status":"publish","type":"post","link":"https:\/\/www.encontracontagem.com.br\/noticias\/prefeito-de-contagem-recebe-empresarios-franceses\/","title":{"rendered":"Prefeito de Contagem recebe empres\u00e1rios franceses"},"content":{"rendered":"<div>\n<p>O prefeito Carlin Moura recebeu, na quarta-feira (20\/2), diretores da empresa francesa Coffor e da multinacional Lafarge, que atuam na \u00e1rea da constru\u00e7\u00e3o civil. Os empres\u00e1rios fizeram uma visita institucional para apresentar as inten\u00e7\u00f5es de implanta\u00e7\u00e3o de novos empreendimentos em Contagem. Na reuni\u00e3o, eles informaram que est\u00e3o fazendo estudos sobre a viabilidade da constru\u00e7\u00e3o de uma f\u00e1brica da Coffor na cidade.<\/p>\n<p>O prefeito prop\u00f4s uma parceria entre a Funec e as empresas na cidade de Contagem, com o objetivo de qualificar profissionalmente m\u00e3o de obra para trabalhar na \u00e1rea. A ideia foi bem aceita pelos investidores. Ser\u00e1 feito a an\u00e1lise da viabilidade da abertura dessas turmas para os pr\u00f3ximos semestres.<\/p>\n<p>A Coffor desenvolveu um m\u00e9todo de constru\u00e7\u00e3o civil diferenciado, por meio de placas de a\u00e7o pr\u00e9-moldadas para constru\u00e7\u00e3o de casas e apartamentos. Com esse modelo, a empresa promete agilidade, sem perder confiabilidade. A Coffor tem uma parceria com a Lafarge, um dos maiores produtores de materiais de constru\u00e7\u00e3o do Brasil como cimento, concreto e agregados.<\/p>\n<p>Os empres\u00e1rios aproveitaram a vinda \u00e0 cidade para conhecer poss\u00edveis localidades para a instala\u00e7\u00e3o da f\u00e1brica. O prefeito assegurou que um dos nortes de sua administra\u00e7\u00e3o ser\u00e1 fortalecer Contagem como um munic\u00edpio inovador e com forte car\u00e1ter industrial, fomentando a voca\u00e7\u00e3o industrial da cidade.<\/p>\n<p><em>Fonte: Prefeitura Contagem<\/em><\/p>\n<\/div>\n","protected":false},"excerpt":{"rendered":"<p>O prefeito Carlin Moura recebeu, na quarta-feira (20\/2), diretores da empresa francesa Coffor e da multinacional Lafarge, que atuam na \u00e1rea da constru\u00e7\u00e3o civil. Os empres\u00e1rios fizeram uma visita institucional para apresentar as inten\u00e7\u00f5es de implanta\u00e7\u00e3o de novos empreendimentos em Contagem. Na reuni\u00e3o, eles informaram que est\u00e3o fazendo estudos sobre a viabilidade da constru\u00e7\u00e3o de [&hellip;]<\/p>\n","protected":false},"author":1,"featured_media":0,"comment_status":"open","ping_status":"open","sticky":false,"template":"","format":"standard","meta":{"footnotes":""},"categories":[6],"tags":[],"class_list":["post-356","post","type-post","status-publish","format-standard","hentry","category-noticias"],"_links":{"self":[{"href":"https:\/\/www.encontracontagem.com.br\/noticias\/wp-json\/wp\/v2\/posts\/356","targetHints":{"allow":["GET"]}}],"collection":[{"href":"https:\/\/www.encontracontagem.com.br\/noticias\/wp-json\/wp\/v2\/posts"}],"about":[{"href":"https:\/\/www.encontracontagem.com.br\/noticias\/wp-json\/wp\/v2\/types\/post"}],"author":[{"embeddable":true,"href":"https:\/\/www.encontracontagem.com.br\/noticias\/wp-json\/wp\/v2\/users\/1"}],"replies":[{"embeddable":true,"href":"https:\/\/www.encontracontagem.com.br\/noticias\/wp-json\/wp\/v2\/comments?post=356"}],"version-history":[{"count":2,"href":"https:\/\/www.encontracontagem.com.br\/noticias\/wp-json\/wp\/v2\/posts\/356\/revisions"}],"predecessor-version":[{"id":676,"href":"https:\/\/www.encontracontagem.com.br\/noticias\/wp-json\/wp\/v2\/posts\/356\/revisions\/676"}],"wp:attachment":[{"href":"https:\/\/www.encontracontagem.com.br\/noticias\/wp-json\/wp\/v2\/media?parent=356"}],"wp:term":[{"taxonomy":"category","embeddable":true,"href":"https:\/\/www.encontracontagem.com.br\/noticias\/wp-json\/wp\/v2\/categories?post=356"},{"taxonomy":"post_tag","embeddable":true,"href":"https:\/\/www.encontracontagem.com.br\/noticias\/wp-json\/wp\/v2\/tags?post=356"}],"curies":[{"name":"wp","href":"https:\/\/api.w.org\/{rel}","templated":true}]}}