{"id":354,"date":"2013-02-26T15:43:03","date_gmt":"2013-02-26T15:43:03","guid":{"rendered":"http:\/\/www.encontracontagem.com.br\/noticias\/?p=354"},"modified":"2013-08-19T12:06:16","modified_gmt":"2013-08-19T12:06:16","slug":"contagem-neves-e-bh-farao-mutirao-da-limpeza-e-manutencao-das-vias","status":"publish","type":"post","link":"https:\/\/www.encontracontagem.com.br\/noticias\/contagem-neves-e-bh-farao-mutirao-da-limpeza-e-manutencao-das-vias\/","title":{"rendered":"Contagem, Neves e BH far\u00e3o mutir\u00e3o da limpeza e manuten\u00e7\u00e3o das vias"},"content":{"rendered":"<p>A solu\u00e7\u00e3o para os problemas em bairros das cidades de Contagem, Belo Horizonte e Ribeir\u00e3o das Neves, que ficam na divisa destes munic\u00edpios, foram motivo do encontro entre as tr\u00eas regionais administrativas das prefeituras, nos \u00faltimos dias (19 e 20\/2). A iniciativa resultou na forma\u00e7\u00e3o de uma parceria entre os \u00f3rg\u00e3os para resolver os problemas mais urgentes como capina, limpeza, patrolamento de ruas e asfalto.<\/p>\n<p>V\u00e1rios logradouros localizados na divisa entre as cidades de Ribeir\u00e3o das Neves e cidade de Belo Horizonte, t\u00eam sido a principal controv\u00e9rsia da comunidade local. Algumas ruas que compreendem o bairro Xangril\u00e1, de um lado Contagem, e do outro Ribeir\u00e3o das Neves ou Belo Horizonte, acabam resultando nas indefini\u00e7\u00f5es das responsabilidades dos \u00f3rg\u00e3os.<\/p>\n<p>As lideran\u00e7as comunit\u00e1rias do bairro Xangril\u00e1 reivindicam h\u00e1 anos uma a\u00e7\u00e3o efetiva sobre os problemas de buracos na pista, pavimenta\u00e7\u00e3o, reformas e limpeza em geral.<\/p>\n<p>De acordo com o administrador regional Nacional, Renato Barros, o di\u00e1logo pautado na integra\u00e7\u00e3o de for\u00e7as para resolu\u00e7\u00e3o dos mais diversos problemas entre as divisas resultou num mutir\u00e3o entre os munic\u00edpios. &#8220;Por acreditar que a comunh\u00e3o de ideias e de princ\u00edpios fortalecem a integra\u00e7\u00e3o dos interesses de uma sociedade, entendo que as a\u00e7\u00f5es da regional estar\u00e3o firmadas numa plataforma de participa\u00e7\u00e3o pol\u00edtica, em que cidad\u00e3os e entidades poder\u00e3o se expressar, se comunicar e gerar mobiliza\u00e7\u00e3o para a constru\u00e7\u00e3o de uma sociedade cada vez melhor. E tenho certeza que, juntos, poderemos fazer bem mais&#8221;, disse.<\/p>\n<p>As interven\u00e7\u00f5es nos bairros que comp\u00f5em a divisa ser\u00e3o feitas em conjunto, cada regional ficou respons\u00e1vel por uma a\u00e7\u00e3o. Para resolver os problemas mais urgentes, a Regional Nacional ir\u00e1 encaminhar equipe de capina, caminh\u00f5es de asfalto, materiais, executar a limpeza da rotat\u00f3ria entre a avenida Xangril\u00e1 e manter limpos os locais pertencentes a Contagem.<\/p>\n<p>O recapeamento da avenida Xangril\u00e1 ser\u00e1 executado na primeira quinzena de mar\u00e7o pela Prefeitura de Belo Horizonte, que tamb\u00e9m acionar\u00e1 a construtora respons\u00e1vel para retomar a obra do passeio do Zool\u00f3gico. A Prefeitura de Neves tamb\u00e9m ceder\u00e1 equipe de trabalho para as manuten\u00e7\u00f5es na cidade de Contagem, bem como caminh\u00f5es de asfalto.<\/p>\n<p><em>Fonte: Prefeitura Contagem<\/em><\/p>\n","protected":false},"excerpt":{"rendered":"<p>A solu\u00e7\u00e3o para os problemas em bairros das cidades de Contagem, Belo Horizonte e Ribeir\u00e3o das Neves, que ficam na divisa destes munic\u00edpios, foram motivo do encontro entre as tr\u00eas regionais administrativas das prefeituras, nos \u00faltimos dias (19 e 20\/2). A iniciativa resultou na forma\u00e7\u00e3o de uma parceria entre os \u00f3rg\u00e3os para resolver os problemas [&hellip;]<\/p>\n","protected":false},"author":1,"featured_media":0,"comment_status":"open","ping_status":"open","sticky":false,"template":"","format":"standard","meta":{"footnotes":""},"categories":[6],"tags":[],"class_list":["post-354","post","type-post","status-publish","format-standard","hentry","category-noticias"],"_links":{"self":[{"href":"https:\/\/www.encontracontagem.com.br\/noticias\/wp-json\/wp\/v2\/posts\/354","targetHints":{"allow":["GET"]}}],"collection":[{"href":"https:\/\/www.encontracontagem.com.br\/noticias\/wp-json\/wp\/v2\/posts"}],"about":[{"href":"https:\/\/www.encontracontagem.com.br\/noticias\/wp-json\/wp\/v2\/types\/post"}],"author":[{"embeddable":true,"href":"https:\/\/www.encontracontagem.com.br\/noticias\/wp-json\/wp\/v2\/users\/1"}],"replies":[{"embeddable":true,"href":"https:\/\/www.encontracontagem.com.br\/noticias\/wp-json\/wp\/v2\/comments?post=354"}],"version-history":[{"count":4,"href":"https:\/\/www.encontracontagem.com.br\/noticias\/wp-json\/wp\/v2\/posts\/354\/revisions"}],"predecessor-version":[{"id":690,"href":"https:\/\/www.encontracontagem.com.br\/noticias\/wp-json\/wp\/v2\/posts\/354\/revisions\/690"}],"wp:attachment":[{"href":"https:\/\/www.encontracontagem.com.br\/noticias\/wp-json\/wp\/v2\/media?parent=354"}],"wp:term":[{"taxonomy":"category","embeddable":true,"href":"https:\/\/www.encontracontagem.com.br\/noticias\/wp-json\/wp\/v2\/categories?post=354"},{"taxonomy":"post_tag","embeddable":true,"href":"https:\/\/www.encontracontagem.com.br\/noticias\/wp-json\/wp\/v2\/tags?post=354"}],"curies":[{"name":"wp","href":"https:\/\/api.w.org\/{rel}","templated":true}]}}