{"id":349,"date":"2013-02-01T01:43:14","date_gmt":"2013-02-01T01:43:14","guid":{"rendered":"http:\/\/www.encontracontagem.com.br\/noticias\/?p=349"},"modified":"2013-08-19T12:06:14","modified_gmt":"2013-08-19T12:06:14","slug":"banda-mole-de-contagem-desfila-dia-3-de-fevereiro","status":"publish","type":"post","link":"https:\/\/www.encontracontagem.com.br\/noticias\/banda-mole-de-contagem-desfila-dia-3-de-fevereiro\/","title":{"rendered":"Banda Mole de Contagem desfila dia 3 de fevereiro"},"content":{"rendered":"<p>Folia garantida para os contagenses. A tradicional Banda Mole de Contagem promete agitar a cidade no domingo, dia 3 de fevereiro. O pr\u00e9-carnaval come\u00e7a \u00e0s 13h, na rua Jos\u00e9 Pedro de Ara\u00fajo, no bairro Cinco, pr\u00f3ximo ao Hospital Municipal. A entrada \u00e9 1Kg de alimento n\u00e3o-perec\u00edvel que dever\u00e1 ser entregue na portaria do evento.<\/p>\n<p>Este ano a Banda Mole de Contagem est\u00e1 completando 21 anos de muita alegria e ser\u00e1 animada pela Banda Cheiro de Amor (Salvador), Trio Bavana, Banda &#8220;Tem Qui T&#8221;, MC Yuri (BH), MC Romeu e MCs Bloco e Bruninho. A estrutura do evento conta com percurso de 600 metros, camarote para 2 mil pessoas, barracas de comidas e bebidas. Os camarotes est\u00e3o \u00e0 venda na loja Vermelho Bard\u00f4, no Ita\u00fa Power Shopping e no Silvinhos Bar. Mais informa\u00e7\u00f5es podem ser adquiridas pelo telefone: (31) 3044- 6779.<\/p>\n<p>A festa, que faz parte do calend\u00e1rio oficial de eventos da cidade, \u00e9 organizada pela Associa\u00e7\u00e3o Folcl\u00f3rica Banda Mole de Contagem, em parceria com a Prefeitura de Contagem por meio da Secretaria de Esporte e Lazer.<\/p>\n<p>De acordo com os organizadores, a expectativa de p\u00fablico para este ano deve chegar a 100 mil foli\u00f5es. A Prefeitura de Contagem, por meio dos \u00f3rg\u00e3os de seguran\u00e7a, promotoria p\u00fablica e parceiros, garante infraestrutura especial para que a festa aconte\u00e7a com conforto e seguran\u00e7a. Centenas de profissionais de seguran\u00e7a, entre policiais militares, bombeiros, agentes de sa\u00fade, guardas municipais, agentes de tr\u00e2nsito e pessoal de apoio, foram escalados e estar\u00e3o dispostos estrategicamente durante toda a festa.<\/p>\n<p><strong>Hist\u00f3ria da folia<\/strong><\/p>\n<p>A banda Mole nasceu de uma brincadeira entre amigos no carnaval de 1991. Eles sa\u00edram fantasiados de mulher pelas ruas e contagiaram mais pessoas com sua alegria. Hoje a Banda Mole \u00e9 o maior e mais tradicional evento de Contagem. Segundo o presidente da Associa\u00e7\u00e3o Folcl\u00f3rica Banda Mole de Contagem, Oswaldinho Faria, &#8220;organiza\u00e7\u00e3o, seguran\u00e7a e solidariedade s\u00e3o os pontos fortes da Banda Mole de Contagem&#8221;. Todos os anos s\u00e3o arrecadados v\u00e1rias toneladas de alimentos n\u00e3o-perec\u00edveis. Mais de 70 institui\u00e7\u00f5es s\u00e3o beneficiadas com os alimentos arrecadados.<\/p>\n<p><strong>Como chegar ao evento<\/strong><\/p>\n<p>Para quem for de \u00f4nibus, a chegada ser\u00e1 pela avenida Jo\u00e3o C\u00e9sar de Oliveira, que est\u00e1 a 100 metros do local do evento. Para o retorno, haver\u00e1 pontos de \u00f4nibus espec\u00edficos para a Esta\u00e7\u00e3o do Metr\u00f4 Eldorado, guia Belo Horizonte e bairros de Contagem. N\u00e3o ser\u00e1 permitida a entrada com bebida alco\u00f3lica. Tamb\u00e9m ser\u00e1 proibido estacionar na avenida Jo\u00e3o C\u00e9sar de Oliveira. As altera\u00e7\u00f5es no tr\u00e2nsito, acessos e estacionamentos ter\u00e3o placas indicativas pela Transcon.<br \/>\n<em><br \/>\nFonte: Prefeitura Contagem<\/em><\/p>\n","protected":false},"excerpt":{"rendered":"<p>Folia garantida para os contagenses. A tradicional Banda Mole de Contagem promete agitar a cidade no domingo, dia 3 de fevereiro. O pr\u00e9-carnaval come\u00e7a \u00e0s 13h, na rua Jos\u00e9 Pedro de Ara\u00fajo, no bairro Cinco, pr\u00f3ximo ao Hospital Municipal. A entrada \u00e9 1Kg de alimento n\u00e3o-perec\u00edvel que dever\u00e1 ser entregue na portaria do evento. Este [&hellip;]<\/p>\n","protected":false},"author":1,"featured_media":0,"comment_status":"open","ping_status":"open","sticky":false,"template":"","format":"standard","meta":{"footnotes":""},"categories":[6],"tags":[],"class_list":["post-349","post","type-post","status-publish","format-standard","hentry","category-noticias"],"_links":{"self":[{"href":"https:\/\/www.encontracontagem.com.br\/noticias\/wp-json\/wp\/v2\/posts\/349","targetHints":{"allow":["GET"]}}],"collection":[{"href":"https:\/\/www.encontracontagem.com.br\/noticias\/wp-json\/wp\/v2\/posts"}],"about":[{"href":"https:\/\/www.encontracontagem.com.br\/noticias\/wp-json\/wp\/v2\/types\/post"}],"author":[{"embeddable":true,"href":"https:\/\/www.encontracontagem.com.br\/noticias\/wp-json\/wp\/v2\/users\/1"}],"replies":[{"embeddable":true,"href":"https:\/\/www.encontracontagem.com.br\/noticias\/wp-json\/wp\/v2\/comments?post=349"}],"version-history":[{"count":4,"href":"https:\/\/www.encontracontagem.com.br\/noticias\/wp-json\/wp\/v2\/posts\/349\/revisions"}],"predecessor-version":[{"id":657,"href":"https:\/\/www.encontracontagem.com.br\/noticias\/wp-json\/wp\/v2\/posts\/349\/revisions\/657"}],"wp:attachment":[{"href":"https:\/\/www.encontracontagem.com.br\/noticias\/wp-json\/wp\/v2\/media?parent=349"}],"wp:term":[{"taxonomy":"category","embeddable":true,"href":"https:\/\/www.encontracontagem.com.br\/noticias\/wp-json\/wp\/v2\/categories?post=349"},{"taxonomy":"post_tag","embeddable":true,"href":"https:\/\/www.encontracontagem.com.br\/noticias\/wp-json\/wp\/v2\/tags?post=349"}],"curies":[{"name":"wp","href":"https:\/\/api.w.org\/{rel}","templated":true}]}}