{"id":347,"date":"2013-01-24T10:41:31","date_gmt":"2013-01-24T10:41:31","guid":{"rendered":"http:\/\/www.encontracontagem.com.br\/noticias\/?p=347"},"modified":"2013-08-19T12:06:16","modified_gmt":"2013-08-19T12:06:16","slug":"prefeitura-de-contagem-garante-isencao-do-iptu-residencial","status":"publish","type":"post","link":"https:\/\/www.encontracontagem.com.br\/noticias\/prefeitura-de-contagem-garante-isencao-do-iptu-residencial\/","title":{"rendered":"Prefeitura de Contagem garante isen\u00e7\u00e3o do IPTU Residencial"},"content":{"rendered":"<p>A <a title=\"Prefeitura de Contagem\" href=\"http:\/\/www.encontracontagem.com.br\/contagem\/prefeitura-municipal-de-contagem.shtml\" target=\"_blank\">Prefeitura de Contagem<\/a> manter\u00e1 a isen\u00e7\u00e3o do Imposto sobre Propriedade Predial e Territorial Urbano, o IPTU residencial, conforme determina a Lei 3.496\/2001. J\u00e1 os demais im\u00f3veis, que n\u00e3o s\u00e3o isentos do imposto, ter\u00e3o at\u00e9 o dia 13 de fevereiro para realizar o pagamento integral com o desconto de 7% .<\/p>\n<p>O pagamento tamb\u00e9m poder\u00e1 ser dividido em 10 parcelas mensais, conforme o calend\u00e1rio de vencimentos disposto no endere\u00e7o eletr\u00f4nico da Prefeitura de Contagem (contagem.mg.gov.br), com a primeira parcela vencendo na mesma data.<\/p>\n<p>Segundo a Secretaria da Fazenda, os correios j\u00e1 est\u00e3o distribuindo as guias para recolhimento do imposto. Aquelas pessoas que n\u00e3o receberem a taxa, podem emiti-la pelo site: receitaonline.contagem.mg.gov.br\/cidadao. Para emiss\u00e3o da guia, o contribuinte dever\u00e1 ter em m\u00e3os o \u00edndice cadastral.<\/p>\n<p>Os im\u00f3veis isentos de IPTU, que porventura recebam a guia, poder\u00e3o requerer a isen\u00e7\u00e3o, impugna\u00e7\u00e3o e revis\u00e3o do tributo at\u00e9 o dia 14 de fevereiro. Para os demais casos, o prazo limite \u00e9 at\u00e9 o dia 11 de novembro de 2013. O pedido dever\u00e1 ser protocolizado na Coordenadoria de Lan\u00e7amento e Arrecada\u00e7\u00e3o da Secretaria Adjunta de Receita, que fica na avenida Cardeal Eug\u00eanio Pacelli, 1.887, na Cidade Industrial, pr\u00f3ximo \u00e0 Pra\u00e7a da Cemig, de segunda a sexta-feira, de 8h30 \u00e0s 16h, conforme Decreto 005\/2013.<\/p>\n<p>A Lei de Isen\u00e7\u00e3o do IPTU em Contagem \u00e9 a 3.496\/2001. Est\u00e3o isentos os im\u00f3veis residenciais e as demais situa\u00e7\u00f5es previstas no artigo 1\u00ba da Lei 3.496 de 26\/12\/2001, que define como isento o im\u00f3vel residencial com \u00e1rea correspondente de at\u00e9 720 m2. Tamb\u00e9m est\u00e3o isentos os im\u00f3veis de uso exclusivamente residencial para ministrar ensino especial e gratuito a deficiente f\u00edsico e\/ou excepcional; associa\u00e7\u00f5es ou entidades sem fins lucrativos; im\u00f3vel pr\u00f3prio, cedido ou alugado, que esteja sendo utilizado como templo religioso e im\u00f3veis utilizados pela administra\u00e7\u00e3o direta ou indireta do munic\u00edpio de Contagem.<\/p>\n<p><em>Fonte: Prefeitura Contagem<\/em><\/p>\n","protected":false},"excerpt":{"rendered":"<p>A Prefeitura de Contagem manter\u00e1 a isen\u00e7\u00e3o do Imposto sobre Propriedade Predial e Territorial Urbano, o IPTU residencial, conforme determina a Lei 3.496\/2001. J\u00e1 os demais im\u00f3veis, que n\u00e3o s\u00e3o isentos do imposto, ter\u00e3o at\u00e9 o dia 13 de fevereiro para realizar o pagamento integral com o desconto de 7% . O pagamento tamb\u00e9m poder\u00e1 [&hellip;]<\/p>\n","protected":false},"author":1,"featured_media":0,"comment_status":"open","ping_status":"open","sticky":false,"template":"","format":"standard","meta":{"footnotes":""},"categories":[6],"tags":[],"class_list":["post-347","post","type-post","status-publish","format-standard","hentry","category-noticias"],"_links":{"self":[{"href":"https:\/\/www.encontracontagem.com.br\/noticias\/wp-json\/wp\/v2\/posts\/347","targetHints":{"allow":["GET"]}}],"collection":[{"href":"https:\/\/www.encontracontagem.com.br\/noticias\/wp-json\/wp\/v2\/posts"}],"about":[{"href":"https:\/\/www.encontracontagem.com.br\/noticias\/wp-json\/wp\/v2\/types\/post"}],"author":[{"embeddable":true,"href":"https:\/\/www.encontracontagem.com.br\/noticias\/wp-json\/wp\/v2\/users\/1"}],"replies":[{"embeddable":true,"href":"https:\/\/www.encontracontagem.com.br\/noticias\/wp-json\/wp\/v2\/comments?post=347"}],"version-history":[{"count":2,"href":"https:\/\/www.encontracontagem.com.br\/noticias\/wp-json\/wp\/v2\/posts\/347\/revisions"}],"predecessor-version":[{"id":686,"href":"https:\/\/www.encontracontagem.com.br\/noticias\/wp-json\/wp\/v2\/posts\/347\/revisions\/686"}],"wp:attachment":[{"href":"https:\/\/www.encontracontagem.com.br\/noticias\/wp-json\/wp\/v2\/media?parent=347"}],"wp:term":[{"taxonomy":"category","embeddable":true,"href":"https:\/\/www.encontracontagem.com.br\/noticias\/wp-json\/wp\/v2\/categories?post=347"},{"taxonomy":"post_tag","embeddable":true,"href":"https:\/\/www.encontracontagem.com.br\/noticias\/wp-json\/wp\/v2\/tags?post=347"}],"curies":[{"name":"wp","href":"https:\/\/api.w.org\/{rel}","templated":true}]}}