{"id":341,"date":"2013-01-18T10:57:55","date_gmt":"2013-01-18T10:57:55","guid":{"rendered":"http:\/\/www.encontracontagem.com.br\/noticias\/?p=341"},"modified":"2013-08-19T12:06:16","modified_gmt":"2013-08-19T12:06:16","slug":"prefeitura-de-contagem-amplia-servicos-de-limpeza-urbana-e-operacao-tapa-buracos","status":"publish","type":"post","link":"https:\/\/www.encontracontagem.com.br\/noticias\/prefeitura-de-contagem-amplia-servicos-de-limpeza-urbana-e-operacao-tapa-buracos\/","title":{"rendered":"Prefeitura de Contagem amplia servi\u00e7os de limpeza urbana e opera\u00e7\u00e3o tapa-buracos"},"content":{"rendered":"<p>A <a title=\"Prefeitura de Contagem\" href=\"http:\/\/www.encontracontagem.com.br\/contagem\/prefeitura-municipal-de-contagem.shtml\" target=\"_blank\">Prefeitura de Contagem<\/a> ampliou, em car\u00e1ter emergencial, os servi\u00e7os de limpeza urbana e manuten\u00e7\u00e3o vi\u00e1ria (opera\u00e7\u00e3o tapa-buracos) em toda a cidade, no in\u00edcio do m\u00eas de janeiro. Alguns servi\u00e7os como a limpeza das Unidades de Recolhimento de Pequenos Volumes (URPVs) e capina estavam paralisados desde o final do ano passado, o que gerou transtornos em alguns pontos do munic\u00edpio com o ac\u00famulo do lixo.<\/p>\n<p>Como medida preventiva, o prefeito Carlin Moura solicitou \u00e0 equipe da Secretaria de Obras e Servi\u00e7os Urbanos e Secretaria Adjunta de Limpeza Urbana para dar prioridade \u00e0 manuten\u00e7\u00e3o, amplia\u00e7\u00e3o e melhoramento dos servi\u00e7os de capina e ro\u00e7ada, limpeza dos c\u00f3rregos, bueiros, fossas e opera\u00e7\u00e3o tapa-buracos, principalmente no in\u00edcio do per\u00edodo chuvoso. Uma das principais a\u00e7\u00f5es foi a amplia\u00e7\u00e3o do maquin\u00e1rio para coleta de lixo, aumento do efetivo para limpeza de fossas e c\u00f3rregos, al\u00e9m do mutir\u00e3o de limpeza das URPVs. A opera\u00e7\u00e3o tapa-buracos segue com seis equipes dando manuten\u00e7\u00e3o.<\/p>\n<p>De acordo com o coordenador de Limpeza Urbana do munic\u00edpio, Alan da Cruz, os servi\u00e7os j\u00e1 est\u00e3o regularizados em toda a cidade. A mobiliza\u00e7\u00e3o social tamb\u00e9m voltou aos trabalhos de divulga\u00e7\u00e3o de informa\u00e7\u00f5es e campanhas educativas, como o da Coleta Seletiva. A equipe participou, no \u00faltimo domingo, dia 13, do 31\u00ba Encontro de Folia de Reis, no bairro Industrial, com um stand para divulga\u00e7\u00e3o de informa\u00e7\u00f5es.<\/p>\n<p>Para solicita\u00e7\u00f5es, informa\u00e7\u00f5es ou reclama\u00e7\u00f5es, os moradores podem entrar em contato com a Secretaria Adjunta de Limpeza Urbana pelo telefone 0800-2831225.<\/p>\n<p><em>Fonte: \ufeffPrefeitura de Contagem<\/em><\/p>\n","protected":false},"excerpt":{"rendered":"<p>A Prefeitura de Contagem ampliou, em car\u00e1ter emergencial, os servi\u00e7os de limpeza urbana e manuten\u00e7\u00e3o vi\u00e1ria (opera\u00e7\u00e3o tapa-buracos) em toda a cidade, no in\u00edcio do m\u00eas de janeiro. Alguns servi\u00e7os como a limpeza das Unidades de Recolhimento de Pequenos Volumes (URPVs) e capina estavam paralisados desde o final do ano passado, o que gerou transtornos [&hellip;]<\/p>\n","protected":false},"author":1,"featured_media":0,"comment_status":"open","ping_status":"open","sticky":false,"template":"","format":"standard","meta":{"footnotes":""},"categories":[6],"tags":[],"class_list":["post-341","post","type-post","status-publish","format-standard","hentry","category-noticias"],"_links":{"self":[{"href":"https:\/\/www.encontracontagem.com.br\/noticias\/wp-json\/wp\/v2\/posts\/341","targetHints":{"allow":["GET"]}}],"collection":[{"href":"https:\/\/www.encontracontagem.com.br\/noticias\/wp-json\/wp\/v2\/posts"}],"about":[{"href":"https:\/\/www.encontracontagem.com.br\/noticias\/wp-json\/wp\/v2\/types\/post"}],"author":[{"embeddable":true,"href":"https:\/\/www.encontracontagem.com.br\/noticias\/wp-json\/wp\/v2\/users\/1"}],"replies":[{"embeddable":true,"href":"https:\/\/www.encontracontagem.com.br\/noticias\/wp-json\/wp\/v2\/comments?post=341"}],"version-history":[{"count":5,"href":"https:\/\/www.encontracontagem.com.br\/noticias\/wp-json\/wp\/v2\/posts\/341\/revisions"}],"predecessor-version":[{"id":344,"href":"https:\/\/www.encontracontagem.com.br\/noticias\/wp-json\/wp\/v2\/posts\/341\/revisions\/344"}],"wp:attachment":[{"href":"https:\/\/www.encontracontagem.com.br\/noticias\/wp-json\/wp\/v2\/media?parent=341"}],"wp:term":[{"taxonomy":"category","embeddable":true,"href":"https:\/\/www.encontracontagem.com.br\/noticias\/wp-json\/wp\/v2\/categories?post=341"},{"taxonomy":"post_tag","embeddable":true,"href":"https:\/\/www.encontracontagem.com.br\/noticias\/wp-json\/wp\/v2\/tags?post=341"}],"curies":[{"name":"wp","href":"https:\/\/api.w.org\/{rel}","templated":true}]}}